{"id":1198,"date":"2022-10-04T13:47:02","date_gmt":"2022-10-04T12:47:02","guid":{"rendered":"https:\/\/www.mediaplateforme.com\/fr\/?p=1198"},"modified":"2022-10-04T13:47:02","modified_gmt":"2022-10-04T12:47:02","slug":"ynna-holding-remporte-le-litige-face-a-five-fcb","status":"publish","type":"post","link":"https:\/\/www.mediaplateforme.com\/fr\/ynna-holding-remporte-le-litige-face-a-five-fcb\/","title":{"rendered":"YNNA HOLDING remporte le litige face \u00e0 FIVE FCB"},"content":{"rendered":"<p>Un litige qui a commenc\u00e9 en 2007 et connu plusieurs rebondissements, la Cour de cassation a statu\u00e9 en faveur d\u2019Ynna Holding. Un verdict qui \u00e9tait tant attendu par la communaut\u00e9 juridique qui r\u00e9pondait \u00e0 la question suivante : une clause compromissoire sign\u00e9e par une filiale peut-elle \u00eatre oppos\u00e9e \u00e0 la soci\u00e9t\u00e9 m\u00e8re non-signataire ?<\/p>\n<p>Un diff\u00e9rend qui a totalis\u00e9 plus de 11 ans de proc\u00e9dure judiciaire, dont sept en cassation, la plus haute juridiction du royaume a livr\u00e9 un arr\u00eat majeur en mati\u00e8re d&rsquo;arbitrage en faveur de Ynna Holding.<\/p>\n","protected":false},"excerpt":{"rendered":"<p>Un litige qui a commenc\u00e9 en 2007 et connu plusieurs rebondissements, la Cour de cassation<\/p>\n","protected":false},"author":1,"featured_media":1199,"comment_status":"open","ping_status":"open","sticky":false,"template":"","format":"standard","meta":{"_acf_changed":false,"footnotes":""},"categories":[7,3],"tags":[420,419],"class_list":["post-1198","post","type-post","status-publish","format-standard","has-post-thumbnail","hentry","category-articles","category-nouvelles-selectionnees","tag-five-fcb","tag-ynna-holding"],"acf":[],"yoast_head":"<!-- This site is optimized with the Yoast SEO plugin v22.0 - https:\/\/yoast.com\/wordpress\/plugins\/seo\/ -->\n<title>YNNA HOLDING remporte le litige face \u00e0 FIVE FCB - MEDIA PLATEFORME | FR<\/title>\n<meta name=\"description\" content=\"Un litige qui a commenc\u00e9 en 2007 et connu plusieurs rebondissements, la Cour de cassation a statu\u00e9 en faveur d\u2019Ynna Holding\" \/>\n<meta name=\"robots\" content=\"index, follow, max-snippet:-1, max-image-preview:large, max-video-preview:-1\" \/>\n<link rel=\"canonical\" href=\"https:\/\/www.mediaplateforme.com\/fr\/ynna-holding-remporte-le-litige-face-a-five-fcb\/\" \/>\n<meta property=\"og:locale\" content=\"fr_FR\" \/>\n<meta property=\"og:type\" content=\"article\" \/>\n<meta property=\"og:title\" content=\"YNNA HOLDING remporte le litige face \u00e0 FIVE FCB - MEDIA PLATEFORME | FR\" \/>\n<meta property=\"og:description\" content=\"Un litige qui a commenc\u00e9 en 2007 et connu plusieurs rebondissements, la Cour de cassation a statu\u00e9 en faveur d\u2019Ynna Holding\" \/>\n<meta property=\"og:url\" content=\"https:\/\/www.mediaplateforme.com\/fr\/ynna-holding-remporte-le-litige-face-a-five-fcb\/\" \/>\n<meta property=\"og:site_name\" content=\"MEDIA PLATEFORME | FR\" \/>\n<meta property=\"article:published_time\" content=\"2022-10-04T12:47:02+00:00\" \/>\n<meta property=\"og:image\" content=\"https:\/\/www.mediaplateforme.com\/fr\/wp-content\/uploads\/sites\/5\/2022\/10\/Screenshot_20221004-134235_Chrome.jpg\" \/>\n\t<meta property=\"og:image:width\" content=\"649\" \/>\n\t<meta property=\"og:image:height\" content=\"366\" \/>\n\t<meta property=\"og:image:type\" content=\"image\/jpeg\" \/>\n<meta name=\"author\" content=\"Mediaplateforme\" \/>\n<meta name=\"twitter:card\" content=\"summary_large_image\" \/>\n<meta name=\"twitter:label1\" content=\"\u00c9crit par\" \/>\n\t<meta name=\"twitter:data1\" content=\"Mediaplateforme\" \/>\n\t<meta name=\"twitter:label2\" content=\"Dur\u00e9e de lecture estim\u00e9e\" \/>\n\t<meta name=\"twitter:data2\" content=\"1 minute\" \/>\n<script type=\"application\/ld+json\" class=\"yoast-schema-graph\">{\"@context\":\"https:\/\/schema.org\",\"@graph\":[{\"@type\":\"WebPage\",\"@id\":\"https:\/\/www.mediaplateforme.com\/fr\/ynna-holding-remporte-le-litige-face-a-five-fcb\/\",\"url\":\"https:\/\/www.mediaplateforme.com\/fr\/ynna-holding-remporte-le-litige-face-a-five-fcb\/\",\"name\":\"YNNA HOLDING remporte le litige face \u00e0 FIVE FCB - MEDIA PLATEFORME | FR\",\"isPartOf\":{\"@id\":\"https:\/\/www.mediaplateforme.com\/fr\/#website\"},\"datePublished\":\"2022-10-04T12:47:02+00:00\",\"dateModified\":\"2022-10-04T12:47:02+00:00\",\"author\":{\"@id\":\"https:\/\/www.mediaplateforme.com\/fr\/#\/schema\/person\/89833db382b5db2c76b094bc902aa12a\"},\"description\":\"Un litige qui a commenc\u00e9 en 2007 et connu plusieurs rebondissements, la Cour de cassation a statu\u00e9 en faveur d\u2019Ynna Holding\",\"breadcrumb\":{\"@id\":\"https:\/\/www.mediaplateforme.com\/fr\/ynna-holding-remporte-le-litige-face-a-five-fcb\/#breadcrumb\"},\"inLanguage\":\"fr-FR\",\"potentialAction\":[{\"@type\":\"ReadAction\",\"target\":[\"https:\/\/www.mediaplateforme.com\/fr\/ynna-holding-remporte-le-litige-face-a-five-fcb\/\"]}]},{\"@type\":\"BreadcrumbList\",\"@id\":\"https:\/\/www.mediaplateforme.com\/fr\/ynna-holding-remporte-le-litige-face-a-five-fcb\/#breadcrumb\",\"itemListElement\":[{\"@type\":\"ListItem\",\"position\":1,\"name\":\"\u0627\u0644\u0631\u0626\u064a\u0633\u064a\u0629\",\"item\":\"https:\/\/www.mediaplateforme.com\/fr\/\"},{\"@type\":\"ListItem\",\"position\":2,\"name\":\"YNNA HOLDING remporte le litige face \u00e0 FIVE FCB\"}]},{\"@type\":\"WebSite\",\"@id\":\"https:\/\/www.mediaplateforme.com\/fr\/#website\",\"url\":\"https:\/\/www.mediaplateforme.com\/fr\/\",\"name\":\"MEDIA PLATEFORME | FR\",\"description\":\"Mediaplateforme sp\u00e9cialis\u00e9 dans la communication institutions publiques et des entreprises\",\"potentialAction\":[{\"@type\":\"SearchAction\",\"target\":{\"@type\":\"EntryPoint\",\"urlTemplate\":\"https:\/\/www.mediaplateforme.com\/fr\/?s={search_term_string}\"},\"query-input\":\"required name=search_term_string\"}],\"inLanguage\":\"fr-FR\"},{\"@type\":\"Person\",\"@id\":\"https:\/\/www.mediaplateforme.com\/fr\/#\/schema\/person\/89833db382b5db2c76b094bc902aa12a\",\"name\":\"Mediaplateforme\",\"image\":{\"@type\":\"ImageObject\",\"inLanguage\":\"fr-FR\",\"@id\":\"https:\/\/www.mediaplateforme.com\/fr\/#\/schema\/person\/image\/\",\"url\":\"https:\/\/secure.gravatar.com\/avatar\/6c9c02e8928cc65d54bf75157f7b3a2d06d7ad0494ca0951f679552ff03b34c1?s=96&d=mm&r=g\",\"contentUrl\":\"https:\/\/secure.gravatar.com\/avatar\/6c9c02e8928cc65d54bf75157f7b3a2d06d7ad0494ca0951f679552ff03b34c1?s=96&d=mm&r=g\",\"caption\":\"Mediaplateforme\"},\"sameAs\":[\"https:\/\/www.mediaplateforme.com\"],\"url\":\"https:\/\/www.mediaplateforme.com\/fr\/author\/mohamedladib\/\"}]}<\/script>\n<!-- \/ Yoast SEO plugin. -->","yoast_head_json":{"title":"YNNA HOLDING remporte le litige face \u00e0 FIVE FCB - MEDIA PLATEFORME | FR","description":"Un litige qui a commenc\u00e9 en 2007 et connu plusieurs rebondissements, la Cour de cassation a statu\u00e9 en faveur d\u2019Ynna Holding","robots":{"index":"index","follow":"follow","max-snippet":"max-snippet:-1","max-image-preview":"max-image-preview:large","max-video-preview":"max-video-preview:-1"},"canonical":"https:\/\/www.mediaplateforme.com\/fr\/ynna-holding-remporte-le-litige-face-a-five-fcb\/","og_locale":"fr_FR","og_type":"article","og_title":"YNNA HOLDING remporte le litige face \u00e0 FIVE FCB - MEDIA PLATEFORME | FR","og_description":"Un litige qui a commenc\u00e9 en 2007 et connu plusieurs rebondissements, la Cour de cassation a statu\u00e9 en faveur d\u2019Ynna Holding","og_url":"https:\/\/www.mediaplateforme.com\/fr\/ynna-holding-remporte-le-litige-face-a-five-fcb\/","og_site_name":"MEDIA PLATEFORME | FR","article_published_time":"2022-10-04T12:47:02+00:00","og_image":[{"width":649,"height":366,"url":"https:\/\/www.mediaplateforme.com\/fr\/wp-content\/uploads\/sites\/5\/2022\/10\/Screenshot_20221004-134235_Chrome.jpg","type":"image\/jpeg"}],"author":"Mediaplateforme","twitter_card":"summary_large_image","twitter_misc":{"\u00c9crit par":"Mediaplateforme","Dur\u00e9e de lecture estim\u00e9e":"1 minute"},"schema":{"@context":"https:\/\/schema.org","@graph":[{"@type":"WebPage","@id":"https:\/\/www.mediaplateforme.com\/fr\/ynna-holding-remporte-le-litige-face-a-five-fcb\/","url":"https:\/\/www.mediaplateforme.com\/fr\/ynna-holding-remporte-le-litige-face-a-five-fcb\/","name":"YNNA HOLDING remporte le litige face \u00e0 FIVE FCB - MEDIA PLATEFORME | FR","isPartOf":{"@id":"https:\/\/www.mediaplateforme.com\/fr\/#website"},"datePublished":"2022-10-04T12:47:02+00:00","dateModified":"2022-10-04T12:47:02+00:00","author":{"@id":"https:\/\/www.mediaplateforme.com\/fr\/#\/schema\/person\/89833db382b5db2c76b094bc902aa12a"},"description":"Un litige qui a commenc\u00e9 en 2007 et connu plusieurs rebondissements, la Cour de cassation a statu\u00e9 en faveur d\u2019Ynna Holding","breadcrumb":{"@id":"https:\/\/www.mediaplateforme.com\/fr\/ynna-holding-remporte-le-litige-face-a-five-fcb\/#breadcrumb"},"inLanguage":"fr-FR","potentialAction":[{"@type":"ReadAction","target":["https:\/\/www.mediaplateforme.com\/fr\/ynna-holding-remporte-le-litige-face-a-five-fcb\/"]}]},{"@type":"BreadcrumbList","@id":"https:\/\/www.mediaplateforme.com\/fr\/ynna-holding-remporte-le-litige-face-a-five-fcb\/#breadcrumb","itemListElement":[{"@type":"ListItem","position":1,"name":"\u0627\u0644\u0631\u0626\u064a\u0633\u064a\u0629","item":"https:\/\/www.mediaplateforme.com\/fr\/"},{"@type":"ListItem","position":2,"name":"YNNA HOLDING remporte le litige face \u00e0 FIVE FCB"}]},{"@type":"WebSite","@id":"https:\/\/www.mediaplateforme.com\/fr\/#website","url":"https:\/\/www.mediaplateforme.com\/fr\/","name":"MEDIA PLATEFORME | FR","description":"Mediaplateforme sp\u00e9cialis\u00e9 dans la communication institutions publiques et des entreprises","potentialAction":[{"@type":"SearchAction","target":{"@type":"EntryPoint","urlTemplate":"https:\/\/www.mediaplateforme.com\/fr\/?s={search_term_string}"},"query-input":"required name=search_term_string"}],"inLanguage":"fr-FR"},{"@type":"Person","@id":"https:\/\/www.mediaplateforme.com\/fr\/#\/schema\/person\/89833db382b5db2c76b094bc902aa12a","name":"Mediaplateforme","image":{"@type":"ImageObject","inLanguage":"fr-FR","@id":"https:\/\/www.mediaplateforme.com\/fr\/#\/schema\/person\/image\/","url":"https:\/\/secure.gravatar.com\/avatar\/6c9c02e8928cc65d54bf75157f7b3a2d06d7ad0494ca0951f679552ff03b34c1?s=96&d=mm&r=g","contentUrl":"https:\/\/secure.gravatar.com\/avatar\/6c9c02e8928cc65d54bf75157f7b3a2d06d7ad0494ca0951f679552ff03b34c1?s=96&d=mm&r=g","caption":"Mediaplateforme"},"sameAs":["https:\/\/www.mediaplateforme.com"],"url":"https:\/\/www.mediaplateforme.com\/fr\/author\/mohamedladib\/"}]}},"_links":{"self":[{"href":"https:\/\/www.mediaplateforme.com\/fr\/wp-json\/wp\/v2\/posts\/1198","targetHints":{"allow":["GET"]}}],"collection":[{"href":"https:\/\/www.mediaplateforme.com\/fr\/wp-json\/wp\/v2\/posts"}],"about":[{"href":"https:\/\/www.mediaplateforme.com\/fr\/wp-json\/wp\/v2\/types\/post"}],"author":[{"embeddable":true,"href":"https:\/\/www.mediaplateforme.com\/fr\/wp-json\/wp\/v2\/users\/1"}],"replies":[{"embeddable":true,"href":"https:\/\/www.mediaplateforme.com\/fr\/wp-json\/wp\/v2\/comments?post=1198"}],"version-history":[{"count":1,"href":"https:\/\/www.mediaplateforme.com\/fr\/wp-json\/wp\/v2\/posts\/1198\/revisions"}],"predecessor-version":[{"id":1200,"href":"https:\/\/www.mediaplateforme.com\/fr\/wp-json\/wp\/v2\/posts\/1198\/revisions\/1200"}],"wp:featuredmedia":[{"embeddable":true,"href":"https:\/\/www.mediaplateforme.com\/fr\/wp-json\/wp\/v2\/media\/1199"}],"wp:attachment":[{"href":"https:\/\/www.mediaplateforme.com\/fr\/wp-json\/wp\/v2\/media?parent=1198"}],"wp:term":[{"taxonomy":"category","embeddable":true,"href":"https:\/\/www.mediaplateforme.com\/fr\/wp-json\/wp\/v2\/categories?post=1198"},{"taxonomy":"post_tag","embeddable":true,"href":"https:\/\/www.mediaplateforme.com\/fr\/wp-json\/wp\/v2\/tags?post=1198"}],"curies":[{"name":"wp","href":"https:\/\/api.w.org\/{rel}","templated":true}]}}