{"id":1174,"date":"2022-10-03T11:40:09","date_gmt":"2022-10-03T10:40:09","guid":{"rendered":"https:\/\/www.mediaplateforme.com\/fr\/?p=1174"},"modified":"2022-10-03T11:44:26","modified_gmt":"2022-10-03T10:44:26","slug":"inwi-soutient-la-9eme-edition-du-devoxx-morocco","status":"publish","type":"post","link":"https:\/\/www.mediaplateforme.com\/fr\/inwi-soutient-la-9eme-edition-du-devoxx-morocco\/","title":{"rendered":"inwi soutient la 9\u00e8me \u00e9dition du Devoxx Morocco"},"content":{"rendered":"<p><b><span lang=\"FR\">Fid\u00e8le \u00e0 son engagement en faveur de l\u2019inclusion num\u00e9rique et l\u2019\u00e9closion d\u2019un \u00e9cosyst\u00e8me de d\u00e9veloppeurs dans la r\u00e9gion MEA, inwi soutient la 9<sup>\u00e8me<\/sup>\u00a0\u00e9dition de l\u2019\u00e9v\u00e9nement Devoxx Morocco, la plus grande manifestation technologique d\u00e9di\u00e9e \u00e0 la communaut\u00e9 des d\u00e9veloppeurs IT.<\/span><\/b><\/p>\n<p><span lang=\"FR\">Cette 9\u00e8me \u00e9dition est organis\u00e9e par xHub, cabinet d\u2019expertise et consulting IT, sous le haut patronage de Sa Majest\u00e9 le Roi Mohammed VI, \u00e0 Agadir du 04 au 06 octobre.<\/span><\/p>\n<p><span lang=\"FR\">V\u00e9ritable carrefour technologique, Devoxx Morocco est une plateforme internationale d\u2019\u00e9changes et de rencontres d\u00e9di\u00e9s aux d\u00e9veloppeurs et aux acteurs de l\u2019\u00e9cosyst\u00e8me Digital et innovation de la r\u00e9gion MEA pour repenser les approches traditionnelles de l\u2019IT et r\u00e9volutionner la culture du code.<\/span><\/p>\n<p><span lang=\"FR\">O<\/span><span lang=\"FR\">rganis\u00e9e par des d\u00e9veloppeurs et pour les d\u00e9veloppeurs, Devoxx r\u00e9unit cette ann\u00e9e plus de 100 conf\u00e9renciers internationaux repr\u00e9sentant les grands noms de l\u2019univers de l\u2019IT. \u00a0<\/span><\/p>\n<p><span lang=\"FR\">Au programme de cette nouvelle \u00e9dition, plus de 100 ateliers, keynotes et talk sessions anim\u00e9es couvrant des th\u00e9matiques riches et vari\u00e9es telles que le Cloud, le Big Data, l\u2019architecture et la s\u00e9curit\u00e9 informatiques, les objets connect\u00e9s, l\u2019IA, le Blockchain, etc\u2026.<\/span><\/p>\n<p><span lang=\"FR\">Le soutien de inwi \u00e0 Devoxx s\u2019inscrit dans la suite des efforts de l\u2019op\u00e9rateur global qui, depuis sa cr\u00e9ation, multiplie des initiatives pour l\u2019\u00e9closion d\u2019un \u00e9cosyst\u00e8me digital performant et innovant au Maroc. Ainsi, et en plus des communaut\u00e9s Tech, inwi accompagne chaque ann\u00e9e des porteurs de projets dans le d\u00e9veloppement et la concr\u00e9tisation de solutions et de produits innovants pour accompagner cette orientation de faire du royaume un hub IT comp\u00e9titif et incontournable dans la r\u00e9gion.\u00a0<\/span><\/p>\n","protected":false},"excerpt":{"rendered":"<p>Fid\u00e8le \u00e0 son engagement en faveur de l\u2019inclusion num\u00e9rique et l\u2019\u00e9closion d\u2019un \u00e9cosyst\u00e8me de d\u00e9veloppeurs<\/p>\n","protected":false},"author":1,"featured_media":1177,"comment_status":"open","ping_status":"open","sticky":false,"template":"","format":"standard","meta":{"_acf_changed":false,"footnotes":""},"categories":[5,3],"tags":[413,154],"class_list":["post-1174","post","type-post","status-publish","format-standard","has-post-thumbnail","hentry","category-tech","category-nouvelles-selectionnees","tag-devoxx-morocco","tag-inwi"],"acf":[],"yoast_head":"<!-- This site is optimized with the Yoast SEO plugin v22.0 - https:\/\/yoast.com\/wordpress\/plugins\/seo\/ -->\n<title>inwi soutient la 9\u00e8me \u00e9dition du Devoxx Morocco - MEDIA PLATEFORME | FR<\/title>\n<meta name=\"description\" content=\"Fid\u00e8le \u00e0 son engagement en faveur de l\u2019inclusion num\u00e9rique et l\u2019\u00e9closion d\u2019un \u00e9cosyst\u00e8me de d\u00e9veloppeurs dans la r\u00e9gion MEA, inwi\" \/>\n<meta name=\"robots\" content=\"index, follow, max-snippet:-1, max-image-preview:large, max-video-preview:-1\" \/>\n<link rel=\"canonical\" href=\"https:\/\/www.mediaplateforme.com\/fr\/inwi-soutient-la-9eme-edition-du-devoxx-morocco\/\" \/>\n<meta property=\"og:locale\" content=\"fr_FR\" \/>\n<meta property=\"og:type\" content=\"article\" \/>\n<meta property=\"og:title\" content=\"inwi soutient la 9\u00e8me \u00e9dition du Devoxx Morocco - MEDIA PLATEFORME | FR\" \/>\n<meta property=\"og:description\" content=\"Fid\u00e8le \u00e0 son engagement en faveur de l\u2019inclusion num\u00e9rique et l\u2019\u00e9closion d\u2019un \u00e9cosyst\u00e8me de d\u00e9veloppeurs dans la r\u00e9gion MEA, inwi\" \/>\n<meta property=\"og:url\" content=\"https:\/\/www.mediaplateforme.com\/fr\/inwi-soutient-la-9eme-edition-du-devoxx-morocco\/\" \/>\n<meta property=\"og:site_name\" content=\"MEDIA PLATEFORME | FR\" \/>\n<meta property=\"article:published_time\" content=\"2022-10-03T10:40:09+00:00\" \/>\n<meta property=\"article:modified_time\" content=\"2022-10-03T10:44:26+00:00\" \/>\n<meta property=\"og:image\" content=\"https:\/\/www.mediaplateforme.com\/fr\/wp-content\/uploads\/sites\/5\/2022\/10\/INWI-1.jpg\" \/>\n\t<meta property=\"og:image:width\" content=\"399\" \/>\n\t<meta property=\"og:image:height\" content=\"291\" \/>\n\t<meta property=\"og:image:type\" content=\"image\/jpeg\" \/>\n<meta name=\"author\" content=\"Mediaplateforme\" \/>\n<meta name=\"twitter:card\" content=\"summary_large_image\" \/>\n<meta name=\"twitter:label1\" content=\"\u00c9crit par\" \/>\n\t<meta name=\"twitter:data1\" content=\"Mediaplateforme\" \/>\n\t<meta name=\"twitter:label2\" content=\"Dur\u00e9e de lecture estim\u00e9e\" \/>\n\t<meta name=\"twitter:data2\" content=\"2 minutes\" \/>\n<script type=\"application\/ld+json\" class=\"yoast-schema-graph\">{\"@context\":\"https:\/\/schema.org\",\"@graph\":[{\"@type\":\"WebPage\",\"@id\":\"https:\/\/www.mediaplateforme.com\/fr\/inwi-soutient-la-9eme-edition-du-devoxx-morocco\/\",\"url\":\"https:\/\/www.mediaplateforme.com\/fr\/inwi-soutient-la-9eme-edition-du-devoxx-morocco\/\",\"name\":\"inwi soutient la 9\u00e8me \u00e9dition du Devoxx Morocco - MEDIA PLATEFORME | FR\",\"isPartOf\":{\"@id\":\"https:\/\/www.mediaplateforme.com\/fr\/#website\"},\"datePublished\":\"2022-10-03T10:40:09+00:00\",\"dateModified\":\"2022-10-03T10:44:26+00:00\",\"author\":{\"@id\":\"https:\/\/www.mediaplateforme.com\/fr\/#\/schema\/person\/89833db382b5db2c76b094bc902aa12a\"},\"description\":\"Fid\u00e8le \u00e0 son engagement en faveur de l\u2019inclusion num\u00e9rique et l\u2019\u00e9closion d\u2019un \u00e9cosyst\u00e8me de d\u00e9veloppeurs dans la r\u00e9gion MEA, inwi\",\"breadcrumb\":{\"@id\":\"https:\/\/www.mediaplateforme.com\/fr\/inwi-soutient-la-9eme-edition-du-devoxx-morocco\/#breadcrumb\"},\"inLanguage\":\"fr-FR\",\"potentialAction\":[{\"@type\":\"ReadAction\",\"target\":[\"https:\/\/www.mediaplateforme.com\/fr\/inwi-soutient-la-9eme-edition-du-devoxx-morocco\/\"]}]},{\"@type\":\"BreadcrumbList\",\"@id\":\"https:\/\/www.mediaplateforme.com\/fr\/inwi-soutient-la-9eme-edition-du-devoxx-morocco\/#breadcrumb\",\"itemListElement\":[{\"@type\":\"ListItem\",\"position\":1,\"name\":\"\u0627\u0644\u0631\u0626\u064a\u0633\u064a\u0629\",\"item\":\"https:\/\/www.mediaplateforme.com\/fr\/\"},{\"@type\":\"ListItem\",\"position\":2,\"name\":\"inwi soutient la 9\u00e8me \u00e9dition du Devoxx Morocco\"}]},{\"@type\":\"WebSite\",\"@id\":\"https:\/\/www.mediaplateforme.com\/fr\/#website\",\"url\":\"https:\/\/www.mediaplateforme.com\/fr\/\",\"name\":\"MEDIA PLATEFORME | FR\",\"description\":\"Mediaplateforme sp\u00e9cialis\u00e9 dans la communication institutions publiques et des entreprises\",\"potentialAction\":[{\"@type\":\"SearchAction\",\"target\":{\"@type\":\"EntryPoint\",\"urlTemplate\":\"https:\/\/www.mediaplateforme.com\/fr\/?s={search_term_string}\"},\"query-input\":\"required name=search_term_string\"}],\"inLanguage\":\"fr-FR\"},{\"@type\":\"Person\",\"@id\":\"https:\/\/www.mediaplateforme.com\/fr\/#\/schema\/person\/89833db382b5db2c76b094bc902aa12a\",\"name\":\"Mediaplateforme\",\"image\":{\"@type\":\"ImageObject\",\"inLanguage\":\"fr-FR\",\"@id\":\"https:\/\/www.mediaplateforme.com\/fr\/#\/schema\/person\/image\/\",\"url\":\"https:\/\/secure.gravatar.com\/avatar\/6c9c02e8928cc65d54bf75157f7b3a2d06d7ad0494ca0951f679552ff03b34c1?s=96&d=mm&r=g\",\"contentUrl\":\"https:\/\/secure.gravatar.com\/avatar\/6c9c02e8928cc65d54bf75157f7b3a2d06d7ad0494ca0951f679552ff03b34c1?s=96&d=mm&r=g\",\"caption\":\"Mediaplateforme\"},\"sameAs\":[\"https:\/\/www.mediaplateforme.com\"],\"url\":\"https:\/\/www.mediaplateforme.com\/fr\/author\/mohamedladib\/\"}]}<\/script>\n<!-- \/ Yoast SEO plugin. -->","yoast_head_json":{"title":"inwi soutient la 9\u00e8me \u00e9dition du Devoxx Morocco - MEDIA PLATEFORME | FR","description":"Fid\u00e8le \u00e0 son engagement en faveur de l\u2019inclusion num\u00e9rique et l\u2019\u00e9closion d\u2019un \u00e9cosyst\u00e8me de d\u00e9veloppeurs dans la r\u00e9gion MEA, inwi","robots":{"index":"index","follow":"follow","max-snippet":"max-snippet:-1","max-image-preview":"max-image-preview:large","max-video-preview":"max-video-preview:-1"},"canonical":"https:\/\/www.mediaplateforme.com\/fr\/inwi-soutient-la-9eme-edition-du-devoxx-morocco\/","og_locale":"fr_FR","og_type":"article","og_title":"inwi soutient la 9\u00e8me \u00e9dition du Devoxx Morocco - MEDIA PLATEFORME | FR","og_description":"Fid\u00e8le \u00e0 son engagement en faveur de l\u2019inclusion num\u00e9rique et l\u2019\u00e9closion d\u2019un \u00e9cosyst\u00e8me de d\u00e9veloppeurs dans la r\u00e9gion MEA, inwi","og_url":"https:\/\/www.mediaplateforme.com\/fr\/inwi-soutient-la-9eme-edition-du-devoxx-morocco\/","og_site_name":"MEDIA PLATEFORME | FR","article_published_time":"2022-10-03T10:40:09+00:00","article_modified_time":"2022-10-03T10:44:26+00:00","og_image":[{"width":399,"height":291,"url":"https:\/\/www.mediaplateforme.com\/fr\/wp-content\/uploads\/sites\/5\/2022\/10\/INWI-1.jpg","type":"image\/jpeg"}],"author":"Mediaplateforme","twitter_card":"summary_large_image","twitter_misc":{"\u00c9crit par":"Mediaplateforme","Dur\u00e9e de lecture estim\u00e9e":"2 minutes"},"schema":{"@context":"https:\/\/schema.org","@graph":[{"@type":"WebPage","@id":"https:\/\/www.mediaplateforme.com\/fr\/inwi-soutient-la-9eme-edition-du-devoxx-morocco\/","url":"https:\/\/www.mediaplateforme.com\/fr\/inwi-soutient-la-9eme-edition-du-devoxx-morocco\/","name":"inwi soutient la 9\u00e8me \u00e9dition du Devoxx Morocco - MEDIA PLATEFORME | FR","isPartOf":{"@id":"https:\/\/www.mediaplateforme.com\/fr\/#website"},"datePublished":"2022-10-03T10:40:09+00:00","dateModified":"2022-10-03T10:44:26+00:00","author":{"@id":"https:\/\/www.mediaplateforme.com\/fr\/#\/schema\/person\/89833db382b5db2c76b094bc902aa12a"},"description":"Fid\u00e8le \u00e0 son engagement en faveur de l\u2019inclusion num\u00e9rique et l\u2019\u00e9closion d\u2019un \u00e9cosyst\u00e8me de d\u00e9veloppeurs dans la r\u00e9gion MEA, inwi","breadcrumb":{"@id":"https:\/\/www.mediaplateforme.com\/fr\/inwi-soutient-la-9eme-edition-du-devoxx-morocco\/#breadcrumb"},"inLanguage":"fr-FR","potentialAction":[{"@type":"ReadAction","target":["https:\/\/www.mediaplateforme.com\/fr\/inwi-soutient-la-9eme-edition-du-devoxx-morocco\/"]}]},{"@type":"BreadcrumbList","@id":"https:\/\/www.mediaplateforme.com\/fr\/inwi-soutient-la-9eme-edition-du-devoxx-morocco\/#breadcrumb","itemListElement":[{"@type":"ListItem","position":1,"name":"\u0627\u0644\u0631\u0626\u064a\u0633\u064a\u0629","item":"https:\/\/www.mediaplateforme.com\/fr\/"},{"@type":"ListItem","position":2,"name":"inwi soutient la 9\u00e8me \u00e9dition du Devoxx Morocco"}]},{"@type":"WebSite","@id":"https:\/\/www.mediaplateforme.com\/fr\/#website","url":"https:\/\/www.mediaplateforme.com\/fr\/","name":"MEDIA PLATEFORME | FR","description":"Mediaplateforme sp\u00e9cialis\u00e9 dans la communication institutions publiques et des entreprises","potentialAction":[{"@type":"SearchAction","target":{"@type":"EntryPoint","urlTemplate":"https:\/\/www.mediaplateforme.com\/fr\/?s={search_term_string}"},"query-input":"required name=search_term_string"}],"inLanguage":"fr-FR"},{"@type":"Person","@id":"https:\/\/www.mediaplateforme.com\/fr\/#\/schema\/person\/89833db382b5db2c76b094bc902aa12a","name":"Mediaplateforme","image":{"@type":"ImageObject","inLanguage":"fr-FR","@id":"https:\/\/www.mediaplateforme.com\/fr\/#\/schema\/person\/image\/","url":"https:\/\/secure.gravatar.com\/avatar\/6c9c02e8928cc65d54bf75157f7b3a2d06d7ad0494ca0951f679552ff03b34c1?s=96&d=mm&r=g","contentUrl":"https:\/\/secure.gravatar.com\/avatar\/6c9c02e8928cc65d54bf75157f7b3a2d06d7ad0494ca0951f679552ff03b34c1?s=96&d=mm&r=g","caption":"Mediaplateforme"},"sameAs":["https:\/\/www.mediaplateforme.com"],"url":"https:\/\/www.mediaplateforme.com\/fr\/author\/mohamedladib\/"}]}},"_links":{"self":[{"href":"https:\/\/www.mediaplateforme.com\/fr\/wp-json\/wp\/v2\/posts\/1174","targetHints":{"allow":["GET"]}}],"collection":[{"href":"https:\/\/www.mediaplateforme.com\/fr\/wp-json\/wp\/v2\/posts"}],"about":[{"href":"https:\/\/www.mediaplateforme.com\/fr\/wp-json\/wp\/v2\/types\/post"}],"author":[{"embeddable":true,"href":"https:\/\/www.mediaplateforme.com\/fr\/wp-json\/wp\/v2\/users\/1"}],"replies":[{"embeddable":true,"href":"https:\/\/www.mediaplateforme.com\/fr\/wp-json\/wp\/v2\/comments?post=1174"}],"version-history":[{"count":1,"href":"https:\/\/www.mediaplateforme.com\/fr\/wp-json\/wp\/v2\/posts\/1174\/revisions"}],"predecessor-version":[{"id":1176,"href":"https:\/\/www.mediaplateforme.com\/fr\/wp-json\/wp\/v2\/posts\/1174\/revisions\/1176"}],"wp:featuredmedia":[{"embeddable":true,"href":"https:\/\/www.mediaplateforme.com\/fr\/wp-json\/wp\/v2\/media\/1177"}],"wp:attachment":[{"href":"https:\/\/www.mediaplateforme.com\/fr\/wp-json\/wp\/v2\/media?parent=1174"}],"wp:term":[{"taxonomy":"category","embeddable":true,"href":"https:\/\/www.mediaplateforme.com\/fr\/wp-json\/wp\/v2\/categories?post=1174"},{"taxonomy":"post_tag","embeddable":true,"href":"https:\/\/www.mediaplateforme.com\/fr\/wp-json\/wp\/v2\/tags?post=1174"}],"curies":[{"name":"wp","href":"https:\/\/api.w.org\/{rel}","templated":true}]}}