{"id":1106,"date":"2022-09-26T19:52:01","date_gmt":"2022-09-26T18:52:01","guid":{"rendered":"https:\/\/www.mediaplateforme.com\/fr\/?p=1106"},"modified":"2022-09-26T19:52:01","modified_gmt":"2022-09-26T18:52:01","slug":"creation-dune-commission-nationale-pour-accompagner-le-dialogue-national-de-lurbanisme-et-de-lhabitat","status":"publish","type":"post","link":"https:\/\/www.mediaplateforme.com\/fr\/creation-dune-commission-nationale-pour-accompagner-le-dialogue-national-de-lurbanisme-et-de-lhabitat\/","title":{"rendered":"Cr\u00e9ation d\u2019une Commission Nationale pour accompagner le Dialogue National de l&rsquo;Urbanisme et de l&rsquo;Habitat"},"content":{"rendered":"<p>Dans le cadre du Dialogue National de l&rsquo;Urbanisme et de l&rsquo;Habitat, organis\u00e9 sous le Haut Patronage de Sa Majest\u00e9 le Roi Mohammed VI, que Dieu l&rsquo;Assiste, Madame Fatima Ezzahra EL MANSOURI, Ministre de l&rsquo;Am\u00e9nagement du Territoire National, de l&rsquo;Urbanisme, de l\u2019Habitat et de Politique de la Ville, a cr\u00e9\u00e9 une Commission Nationale compos\u00e9e des repr\u00e9sentants des d\u00e9partements Minist\u00e9riels, des conseils des \u00e9lus, des instances constitutionnelles, des \u00e9tablissements publics, des organismes professionnels, d\u2019experts et de la soci\u00e9t\u00e9 civile. \u00abJ\u2019ai mis en place cette Commission Nationale afin qu\u2019elle puisse accompagner et enrichir le Dialogue National visant \u00e0 d\u00e9battre de l\u2019avenir de l&rsquo;Urbanisme et de l&rsquo;Habitat, en rupture avec les politiques publiques qui ont montr\u00e9 leurs limites tout en capitalisant sur les acquis\u00bb, a fait valoir Madame Fatima Ezzahra EL MANSOURI.<\/p>\n<p>Cette Commission qui se veut un cadre institutionnel, a pour mission de proposer une Feuille de Route \u00e0 la lumi\u00e8re des recommandations des rencontres nationales et r\u00e9gionales, qui s\u2019articulent autour des proc\u00e9dures et des mesures permettant d\u2019atteindre des objectifs attendus du dialogue.<\/p>\n<p>Une premi\u00e8re r\u00e9union de cette Commission Nationale a eu lieu le vendredi 16 septembre 2022, au si\u00e8ge du Minist\u00e8re de l&rsquo;Am\u00e9nagement du Territoire National, de l\u2019Urbanisme, de l&rsquo;Habitat et de la Politique de la Ville, au cours de laquelle, une pr\u00e9sentation a d\u00e9cortiqu\u00e9 les fondements et les objectifs attendus du Dialogue National, ainsi que les principaux th\u00e8mes abord\u00e9s lors des rencontres r\u00e9gionales. En cette occasion et au terme d\u2019une large discussion fructueuse, tous les membres ont exprim\u00e9 leur pleine implication dans ce chantier et leur d\u00e9termination \u00e0 contribuer \u00e0 l&rsquo;enrichissement de ses r\u00e9sultats.<\/p>\n<p>Il est \u00e0 signaler que la premi\u00e8re r\u00e9union de la Commission Nationale s&rsquo;est tenue imm\u00e9diatement apr\u00e8s l\u2019ouverture officielle, le vendredi 16 septembre 2022, du Dialogue National de l\u2019Urbanisme et de l\u2019Habitat par Madame Fatima Ezzahra EL MANSOURI, aux cot\u00e9es de Monsieur le Chef de gouvernement, des Ministres, des repr\u00e9sentants des d\u00e9partements minist\u00e9riels concern\u00e9s, des instances constitutionnelles, des \u00e9tablissements publics et des organismes professionnels. Une s\u00e9rie de r\u00e9unions de ladite commission se tiendra, tout au long, du processus de restitution des recommandations issues des concertations r\u00e9gionales jusqu\u2019\u00e0 l\u2019aboutissement de la formalisation d\u2019une nouvelle feuille de route de l\u2019Urbanisme et de l\u2019Habitat.<\/p>\n<p>A rappeler que lors de la c\u00e9r\u00e9monie d\u2019ouverture officielle du Dialogue National de l\u2019Urbanisme et de l\u2019Habitat, Madame Fatima Ezzahra EL MANSOURI a soulign\u00e9 l\u2019importance de lancement du Dialogue en annon\u00e7ant: \u00ab Ce dialogue national, que nous lan\u00e7ons, s\u2019inscrit dans le cadre de la mise en \u0153uvre des Hautes Directives Royales appelant \u00e0 la n\u00e9cessit\u00e9 de lancer une r\u00e9flexion et un d\u00e9bat publics sur le renforcement de la coordination dans l&rsquo;\u00e9laboration des politiques publiques, il s&rsquo;inscrit \u00e9galement dans la philosophie du Nouveau Mod\u00e8le de D\u00e9veloppement, qui recommande la mise en \u0153uvre d\u2019une approche de co-construction et l&rsquo;adoption d\u2019un nouveau concept de l\u2019Urbanisme et d&rsquo;Habitat \u00bb.<\/p>\n","protected":false},"excerpt":{"rendered":"<p>Dans le cadre du Dialogue National de l&rsquo;Urbanisme et de l&rsquo;Habitat, organis\u00e9 sous le Haut<\/p>\n","protected":false},"author":1,"featured_media":1107,"comment_status":"open","ping_status":"open","sticky":false,"template":"","format":"standard","meta":{"_acf_changed":false,"footnotes":""},"categories":[4,3],"tags":[390,391,388,389],"class_list":["post-1106","post","type-post","status-publish","format-standard","has-post-thumbnail","hentry","category-economie","category-nouvelles-selectionnees","tag-de-lurbanisme","tag-de-lhabitat-et-de-politique-de-la-ville","tag-fatima-ezzahra-el-mansouri","tag-ministre-de-lamenagement-du-territoire-national"],"acf":[],"yoast_head":"<!-- This site is optimized with the Yoast SEO plugin v22.0 - https:\/\/yoast.com\/wordpress\/plugins\/seo\/ -->\n<title>Cr\u00e9ation d\u2019une Commission Nationale pour accompagner le Dialogue National de l&#039;Urbanisme et de l&#039;Habitat - MEDIA PLATEFORME | FR<\/title>\n<meta name=\"description\" content=\"sous le Haut Patronage de Sa Majest\u00e9 le Roi Mohammed VI, que Dieu l&#039;Assiste de l&#039;Urbanisme, de l\u2019Habitat et de Politique de la Ville,\" \/>\n<meta name=\"robots\" content=\"index, follow, max-snippet:-1, max-image-preview:large, max-video-preview:-1\" \/>\n<link rel=\"canonical\" href=\"https:\/\/www.mediaplateforme.com\/fr\/creation-dune-commission-nationale-pour-accompagner-le-dialogue-national-de-lurbanisme-et-de-lhabitat\/\" \/>\n<meta property=\"og:locale\" content=\"fr_FR\" \/>\n<meta property=\"og:type\" content=\"article\" \/>\n<meta property=\"og:title\" content=\"Cr\u00e9ation d\u2019une Commission Nationale pour accompagner le Dialogue National de l&#039;Urbanisme et de l&#039;Habitat - MEDIA PLATEFORME | FR\" \/>\n<meta property=\"og:description\" content=\"sous le Haut Patronage de Sa Majest\u00e9 le Roi Mohammed VI, que Dieu l&#039;Assiste de l&#039;Urbanisme, de l\u2019Habitat et de Politique de la Ville,\" \/>\n<meta property=\"og:url\" content=\"https:\/\/www.mediaplateforme.com\/fr\/creation-dune-commission-nationale-pour-accompagner-le-dialogue-national-de-lurbanisme-et-de-lhabitat\/\" \/>\n<meta property=\"og:site_name\" content=\"MEDIA PLATEFORME | FR\" \/>\n<meta property=\"article:published_time\" content=\"2022-09-26T18:52:01+00:00\" \/>\n<meta property=\"og:image\" content=\"https:\/\/www.mediaplateforme.com\/fr\/wp-content\/uploads\/sites\/5\/2022\/09\/WhatsApp-Image-2022-09-26-at-14.02.11.jpeg\" \/>\n\t<meta property=\"og:image:width\" content=\"1600\" \/>\n\t<meta property=\"og:image:height\" content=\"1068\" \/>\n\t<meta property=\"og:image:type\" content=\"image\/jpeg\" \/>\n<meta name=\"author\" content=\"Mediaplateforme\" \/>\n<meta name=\"twitter:card\" content=\"summary_large_image\" \/>\n<meta name=\"twitter:label1\" content=\"\u00c9crit par\" \/>\n\t<meta name=\"twitter:data1\" content=\"Mediaplateforme\" \/>\n\t<meta name=\"twitter:label2\" content=\"Dur\u00e9e de lecture estim\u00e9e\" \/>\n\t<meta name=\"twitter:data2\" content=\"3 minutes\" \/>\n<script type=\"application\/ld+json\" class=\"yoast-schema-graph\">{\"@context\":\"https:\/\/schema.org\",\"@graph\":[{\"@type\":\"WebPage\",\"@id\":\"https:\/\/www.mediaplateforme.com\/fr\/creation-dune-commission-nationale-pour-accompagner-le-dialogue-national-de-lurbanisme-et-de-lhabitat\/\",\"url\":\"https:\/\/www.mediaplateforme.com\/fr\/creation-dune-commission-nationale-pour-accompagner-le-dialogue-national-de-lurbanisme-et-de-lhabitat\/\",\"name\":\"Cr\u00e9ation d\u2019une Commission Nationale pour accompagner le Dialogue National de l'Urbanisme et de l'Habitat - MEDIA PLATEFORME | FR\",\"isPartOf\":{\"@id\":\"https:\/\/www.mediaplateforme.com\/fr\/#website\"},\"datePublished\":\"2022-09-26T18:52:01+00:00\",\"dateModified\":\"2022-09-26T18:52:01+00:00\",\"author\":{\"@id\":\"https:\/\/www.mediaplateforme.com\/fr\/#\/schema\/person\/89833db382b5db2c76b094bc902aa12a\"},\"description\":\"sous le Haut Patronage de Sa Majest\u00e9 le Roi Mohammed VI, que Dieu l'Assiste de l'Urbanisme, de l\u2019Habitat et de Politique de la Ville,\",\"breadcrumb\":{\"@id\":\"https:\/\/www.mediaplateforme.com\/fr\/creation-dune-commission-nationale-pour-accompagner-le-dialogue-national-de-lurbanisme-et-de-lhabitat\/#breadcrumb\"},\"inLanguage\":\"fr-FR\",\"potentialAction\":[{\"@type\":\"ReadAction\",\"target\":[\"https:\/\/www.mediaplateforme.com\/fr\/creation-dune-commission-nationale-pour-accompagner-le-dialogue-national-de-lurbanisme-et-de-lhabitat\/\"]}]},{\"@type\":\"BreadcrumbList\",\"@id\":\"https:\/\/www.mediaplateforme.com\/fr\/creation-dune-commission-nationale-pour-accompagner-le-dialogue-national-de-lurbanisme-et-de-lhabitat\/#breadcrumb\",\"itemListElement\":[{\"@type\":\"ListItem\",\"position\":1,\"name\":\"\u0627\u0644\u0631\u0626\u064a\u0633\u064a\u0629\",\"item\":\"https:\/\/www.mediaplateforme.com\/fr\/\"},{\"@type\":\"ListItem\",\"position\":2,\"name\":\"Cr\u00e9ation d\u2019une Commission Nationale pour accompagner le Dialogue National de l&#8217;Urbanisme et de l&#8217;Habitat\"}]},{\"@type\":\"WebSite\",\"@id\":\"https:\/\/www.mediaplateforme.com\/fr\/#website\",\"url\":\"https:\/\/www.mediaplateforme.com\/fr\/\",\"name\":\"MEDIA PLATEFORME | FR\",\"description\":\"Mediaplateforme sp\u00e9cialis\u00e9 dans la communication institutions publiques et des entreprises\",\"potentialAction\":[{\"@type\":\"SearchAction\",\"target\":{\"@type\":\"EntryPoint\",\"urlTemplate\":\"https:\/\/www.mediaplateforme.com\/fr\/?s={search_term_string}\"},\"query-input\":\"required name=search_term_string\"}],\"inLanguage\":\"fr-FR\"},{\"@type\":\"Person\",\"@id\":\"https:\/\/www.mediaplateforme.com\/fr\/#\/schema\/person\/89833db382b5db2c76b094bc902aa12a\",\"name\":\"Mediaplateforme\",\"image\":{\"@type\":\"ImageObject\",\"inLanguage\":\"fr-FR\",\"@id\":\"https:\/\/www.mediaplateforme.com\/fr\/#\/schema\/person\/image\/\",\"url\":\"https:\/\/secure.gravatar.com\/avatar\/6c9c02e8928cc65d54bf75157f7b3a2d06d7ad0494ca0951f679552ff03b34c1?s=96&d=mm&r=g\",\"contentUrl\":\"https:\/\/secure.gravatar.com\/avatar\/6c9c02e8928cc65d54bf75157f7b3a2d06d7ad0494ca0951f679552ff03b34c1?s=96&d=mm&r=g\",\"caption\":\"Mediaplateforme\"},\"sameAs\":[\"https:\/\/www.mediaplateforme.com\"],\"url\":\"https:\/\/www.mediaplateforme.com\/fr\/author\/mohamedladib\/\"}]}<\/script>\n<!-- \/ Yoast SEO plugin. -->","yoast_head_json":{"title":"Cr\u00e9ation d\u2019une Commission Nationale pour accompagner le Dialogue National de l'Urbanisme et de l'Habitat - MEDIA PLATEFORME | FR","description":"sous le Haut Patronage de Sa Majest\u00e9 le Roi Mohammed VI, que Dieu l'Assiste de l'Urbanisme, de l\u2019Habitat et de Politique de la Ville,","robots":{"index":"index","follow":"follow","max-snippet":"max-snippet:-1","max-image-preview":"max-image-preview:large","max-video-preview":"max-video-preview:-1"},"canonical":"https:\/\/www.mediaplateforme.com\/fr\/creation-dune-commission-nationale-pour-accompagner-le-dialogue-national-de-lurbanisme-et-de-lhabitat\/","og_locale":"fr_FR","og_type":"article","og_title":"Cr\u00e9ation d\u2019une Commission Nationale pour accompagner le Dialogue National de l'Urbanisme et de l'Habitat - MEDIA PLATEFORME | FR","og_description":"sous le Haut Patronage de Sa Majest\u00e9 le Roi Mohammed VI, que Dieu l'Assiste de l'Urbanisme, de l\u2019Habitat et de Politique de la Ville,","og_url":"https:\/\/www.mediaplateforme.com\/fr\/creation-dune-commission-nationale-pour-accompagner-le-dialogue-national-de-lurbanisme-et-de-lhabitat\/","og_site_name":"MEDIA PLATEFORME | FR","article_published_time":"2022-09-26T18:52:01+00:00","og_image":[{"width":1600,"height":1068,"url":"https:\/\/www.mediaplateforme.com\/fr\/wp-content\/uploads\/sites\/5\/2022\/09\/WhatsApp-Image-2022-09-26-at-14.02.11.jpeg","type":"image\/jpeg"}],"author":"Mediaplateforme","twitter_card":"summary_large_image","twitter_misc":{"\u00c9crit par":"Mediaplateforme","Dur\u00e9e de lecture estim\u00e9e":"3 minutes"},"schema":{"@context":"https:\/\/schema.org","@graph":[{"@type":"WebPage","@id":"https:\/\/www.mediaplateforme.com\/fr\/creation-dune-commission-nationale-pour-accompagner-le-dialogue-national-de-lurbanisme-et-de-lhabitat\/","url":"https:\/\/www.mediaplateforme.com\/fr\/creation-dune-commission-nationale-pour-accompagner-le-dialogue-national-de-lurbanisme-et-de-lhabitat\/","name":"Cr\u00e9ation d\u2019une Commission Nationale pour accompagner le Dialogue National de l'Urbanisme et de l'Habitat - MEDIA PLATEFORME | FR","isPartOf":{"@id":"https:\/\/www.mediaplateforme.com\/fr\/#website"},"datePublished":"2022-09-26T18:52:01+00:00","dateModified":"2022-09-26T18:52:01+00:00","author":{"@id":"https:\/\/www.mediaplateforme.com\/fr\/#\/schema\/person\/89833db382b5db2c76b094bc902aa12a"},"description":"sous le Haut Patronage de Sa Majest\u00e9 le Roi Mohammed VI, que Dieu l'Assiste de l'Urbanisme, de l\u2019Habitat et de Politique de la Ville,","breadcrumb":{"@id":"https:\/\/www.mediaplateforme.com\/fr\/creation-dune-commission-nationale-pour-accompagner-le-dialogue-national-de-lurbanisme-et-de-lhabitat\/#breadcrumb"},"inLanguage":"fr-FR","potentialAction":[{"@type":"ReadAction","target":["https:\/\/www.mediaplateforme.com\/fr\/creation-dune-commission-nationale-pour-accompagner-le-dialogue-national-de-lurbanisme-et-de-lhabitat\/"]}]},{"@type":"BreadcrumbList","@id":"https:\/\/www.mediaplateforme.com\/fr\/creation-dune-commission-nationale-pour-accompagner-le-dialogue-national-de-lurbanisme-et-de-lhabitat\/#breadcrumb","itemListElement":[{"@type":"ListItem","position":1,"name":"\u0627\u0644\u0631\u0626\u064a\u0633\u064a\u0629","item":"https:\/\/www.mediaplateforme.com\/fr\/"},{"@type":"ListItem","position":2,"name":"Cr\u00e9ation d\u2019une Commission Nationale pour accompagner le Dialogue National de l&#8217;Urbanisme et de l&#8217;Habitat"}]},{"@type":"WebSite","@id":"https:\/\/www.mediaplateforme.com\/fr\/#website","url":"https:\/\/www.mediaplateforme.com\/fr\/","name":"MEDIA PLATEFORME | FR","description":"Mediaplateforme sp\u00e9cialis\u00e9 dans la communication institutions publiques et des entreprises","potentialAction":[{"@type":"SearchAction","target":{"@type":"EntryPoint","urlTemplate":"https:\/\/www.mediaplateforme.com\/fr\/?s={search_term_string}"},"query-input":"required name=search_term_string"}],"inLanguage":"fr-FR"},{"@type":"Person","@id":"https:\/\/www.mediaplateforme.com\/fr\/#\/schema\/person\/89833db382b5db2c76b094bc902aa12a","name":"Mediaplateforme","image":{"@type":"ImageObject","inLanguage":"fr-FR","@id":"https:\/\/www.mediaplateforme.com\/fr\/#\/schema\/person\/image\/","url":"https:\/\/secure.gravatar.com\/avatar\/6c9c02e8928cc65d54bf75157f7b3a2d06d7ad0494ca0951f679552ff03b34c1?s=96&d=mm&r=g","contentUrl":"https:\/\/secure.gravatar.com\/avatar\/6c9c02e8928cc65d54bf75157f7b3a2d06d7ad0494ca0951f679552ff03b34c1?s=96&d=mm&r=g","caption":"Mediaplateforme"},"sameAs":["https:\/\/www.mediaplateforme.com"],"url":"https:\/\/www.mediaplateforme.com\/fr\/author\/mohamedladib\/"}]}},"_links":{"self":[{"href":"https:\/\/www.mediaplateforme.com\/fr\/wp-json\/wp\/v2\/posts\/1106","targetHints":{"allow":["GET"]}}],"collection":[{"href":"https:\/\/www.mediaplateforme.com\/fr\/wp-json\/wp\/v2\/posts"}],"about":[{"href":"https:\/\/www.mediaplateforme.com\/fr\/wp-json\/wp\/v2\/types\/post"}],"author":[{"embeddable":true,"href":"https:\/\/www.mediaplateforme.com\/fr\/wp-json\/wp\/v2\/users\/1"}],"replies":[{"embeddable":true,"href":"https:\/\/www.mediaplateforme.com\/fr\/wp-json\/wp\/v2\/comments?post=1106"}],"version-history":[{"count":1,"href":"https:\/\/www.mediaplateforme.com\/fr\/wp-json\/wp\/v2\/posts\/1106\/revisions"}],"predecessor-version":[{"id":1108,"href":"https:\/\/www.mediaplateforme.com\/fr\/wp-json\/wp\/v2\/posts\/1106\/revisions\/1108"}],"wp:featuredmedia":[{"embeddable":true,"href":"https:\/\/www.mediaplateforme.com\/fr\/wp-json\/wp\/v2\/media\/1107"}],"wp:attachment":[{"href":"https:\/\/www.mediaplateforme.com\/fr\/wp-json\/wp\/v2\/media?parent=1106"}],"wp:term":[{"taxonomy":"category","embeddable":true,"href":"https:\/\/www.mediaplateforme.com\/fr\/wp-json\/wp\/v2\/categories?post=1106"},{"taxonomy":"post_tag","embeddable":true,"href":"https:\/\/www.mediaplateforme.com\/fr\/wp-json\/wp\/v2\/tags?post=1106"}],"curies":[{"name":"wp","href":"https:\/\/api.w.org\/{rel}","templated":true}]}}