{"id":1076,"date":"2022-09-23T10:56:42","date_gmt":"2022-09-23T09:56:42","guid":{"rendered":"https:\/\/www.mediaplateforme.com\/fr\/?p=1076"},"modified":"2022-09-23T10:56:42","modified_gmt":"2022-09-23T09:56:42","slug":"14-000-eleves-riverains-ont-beneficie-de-loperation-rentree-scolaire-menee-par-lafargeholcim-maroc","status":"publish","type":"post","link":"https:\/\/www.mediaplateforme.com\/fr\/14-000-eleves-riverains-ont-beneficie-de-loperation-rentree-scolaire-menee-par-lafargeholcim-maroc\/","title":{"rendered":"14.000 \u00e9l\u00e8ves riverains ont b\u00e9n\u00e9fici\u00e9 de l\u2019op\u00e9ration \u00ab Rentr\u00e9e scolaire \u00bb men\u00e9e par LafargeHolcim Maroc"},"content":{"rendered":"<p style=\"font-weight: 400;\"><strong>Plus\u00a0de\u00a014\u00a0000\u00a0\u00e9l\u00e8ves\u00a0riverains\u00a0autour\u00a0de\u00a0nos\u00a0sites\u00a0dans\u00a0plus\u00a0de\u00a0100\u00a0\u00e9coles\u00a0ont\u00a0\u00e9t\u00e9\u00a0<\/strong><strong>concern\u00e9s par\u00a0l\u2019op\u00e9ration \u00ab Rentr\u00e9e scolaire \u00bb men\u00e9e par LafargeHolcim Maroc au titre de l\u2019ann\u00e9e scolaire 2022-2023. Cette action s\u2019inscrit dans le cadre\u00a0de\u00a0son\u00a0programme\u00a0N\u2019BNIOUW L\u20197AYAT.<\/strong><\/p>\n<p>Cette\u00a0action\u00a0est\u00a0marqu\u00e9e\u00a0principalement\u00a0par\u00a0des\u00a0op\u00e9rations\u00a0de\u00a0soutien\u00a0au\u00a0transport\u00a0scolaire\u00a0ainsi\u00a0que\u00a0des\u00a0distributions\u00a0de\u00a0cartables\u00a0et\u00a0de\u00a0fournitures\u00a0scolaires\u00a0au\u00a0b\u00e9n\u00e9fice\u00a0des\u00a0\u00e9l\u00e8ves\u00a0autour\u00a0de\u00a0nos\u00a0usines.\u00a0La d\u00e9marche vise \u00e0 appuyer\u00a0l\u2019engagement\u00a0de\u00a0LafargeHolcim\u00a0Maroc\u00a0en\u00a0faveur\u00a0de\u00a0l&rsquo;\u00e9ducation\u00a0de\u00a0proximit\u00e9\u00a0et\u00a0de\u00a0la\u00a0lutte\u00a0contre\u00a0l\u2019abandon\u00a0scolaire.\u00a0A\u00a0l\u2019instar\u00a0de\u00a0l\u2019\u00e9dition\u00a0de\u00a0l\u2019ann\u00e9e\u00a0derni\u00e8re,\u00a0l\u2019op\u00e9ration\u00a0de\u00a0cette\u00a0ann\u00e9e\u00a0a\u00a0\u00e9t\u00e9\u00a0marqu\u00e9e\u00a0par\u00a0\u00a0\u00a0l\u2019accompagnement\u00a0\u00e0 la cr\u00e9ation et l\u2019\u00e9quipement de plusieurs classes de pr\u00e9scolaire, ce qui permettra\u00a0\u00a0\u00a0\u00a0d\u2019am\u00e9liorer\u00a0l\u2019int\u00e9gration\u00a0des\u00a0enfants\u00a0dans\u00a0le\u00a0syst\u00e8me\u00a0scolaire.<\/p>\n<p style=\"font-weight: 400;\">L\u2019\u00e9ducation\u00a0fait\u00a0partie\u00a0des\u00a0axes\u00a0prioritaires\u00a0du\u00a0<strong>programme\u00a0de\u00a0responsabilit\u00e9\u00a0soci\u00e9tale\u00a0de\u00a0LafargeHolcim\u00a0Maroc\u00a0\u00ab\u00a0N\u2019BNIOUW\u00a0L\u20197AYAT\u00a0<\/strong>\u00bb\u00a0et\u00a0a\u00a0toujours\u00a0\u00e9t\u00e9\u00a0un\u00a0pilier\u00a0historique\u00a0de\u00a0l\u2019engagement\u00a0que\u00a0m\u00e8ne\u00a0l\u2019entreprise\u00a0aupr\u00e8s\u00a0\u00a0des communaut\u00e9s et populations riveraines de ses sites. De ce fait, LafargeHolcim Maroc m\u00e8ne r\u00e9guli\u00e8rement\u00a0des\u00a0projets\u00a0responsables\u00a0et\u00a0durables\u00a0dont\u00a0le\u00a0but\u00a0est\u00a0de\u00a0promouvoir\u00a0l\u2019\u00e9ducation\u00a0des\u00a0jeunes\u00a0g\u00e9n\u00e9rations,\u00a0avec\u00a0une\u00a0attention\u00a0particuli\u00e8re\u00a0\u00e0\u00a0tout ce qui permet\u00a0d\u2019\u00e9viter\u00a0l\u2019abandon\u00a0scolaire.\u00a0\u00a0\u00a0\u00a0\u00a0\u00a0\u00a0\u00a0Ce programme consiste \u00e0\u00a0:<\/p>\n<ul>\n<li style=\"font-weight: 400;\">Accompagner l\u2019\u00e9volution des lieux d\u2019apprentissage, en coordination avec les directeurs d\u2019\u00e9cole\u00a0et les\u00a0autorit\u00e9s\u00a0avec\u00a0une\u00a0priorit\u00e9\u00a0pour\u00a0les\u00a0sanitaires\u00a0et\u00a0les\u00a0lieux\u00a0de\u00a0vie,<\/li>\n<li style=\"font-weight: 400;\">Faciliter\u00a0l\u2019acc\u00e8s\u00a0aux\u00a0\u00e9tablissements\u00a0scolaires\u00a0aux\u00a0\u00e9l\u00e8ves\u00a0les\u00a0plus\u00a0d\u00e9munis\u00a0:\u00a0participation\u00a0aux\u00a0moyens\u00a0de\u00a0transport pour les \u00e9l\u00e8ves \u00e9loign\u00e9s, distribution de cartables, de fournitures scolaires et de mat\u00e9riel\u00a0scolaire\u00a0et\u00a0informatique\u00a0pour\u00a0les\u00a0\u00e9coles\u00a0riveraines,<\/li>\n<li style=\"font-weight: 400;\">Organiser\u00a0le\u00a0soutien\u00a0scolaire\u00a0pour\u00a0les\u00a0classes\u00a0de\u00a0transition\u00a0(pr\u00e9paration\u00a0du\u00a0brevet\u00a0et\u00a0du\u00a0baccalaur\u00e9at),<\/li>\n<li style=\"font-weight: 400;\">Parrainer des \u00e9l\u00e8ves m\u00e9ritants de milieux d\u00e9favoris\u00e9s pour l\u2019acc\u00e8s aux grandes \u00e9coles d\u2019ing\u00e9nieurs.<\/li>\n<\/ul>\n<p style=\"font-weight: 400;\">\n<p style=\"font-weight: 400;\">Rappelons que \u00ab N\u2019BNIOUW L\u20197AYAT \u00bb est le programme de Responsabilit\u00e9 Sociale et Soci\u00e9tale de\u00a0LafargeHolcim\u00a0Maroc\u00a0destin\u00e9 \u00e0 cr\u00e9er de la\u00a0valeur\u00a0partag\u00e9e.\u00a0<strong>En\u00a02021,\u00a0plus\u00a0de\u00a0139\u00a0000\u00a0riverains\u00a0ont\u00a0b\u00e9n\u00e9fici\u00e9\u00a0\u00a0<\/strong><strong>d\u2019aides\u00a0<\/strong>structur\u00e9es\u00a0autour\u00a0de\u00a04\u00a0axes\u00a0majeurs\u00a0:<\/p>\n<p style=\"font-weight: 400;\">&#8211;\u00a0\u00a0\u00a0\u00a0\u00a0\u00a0\u00a0\u00a0\u00a0\u00a0\u00a0\u00a0\u00a0\u00a0\u00a0L\u2019\u00e9ducation\u00a0de\u00a0proximit\u00e9\u00a0et\u00a0la\u00a0lutte\u00a0contre\u00a0l\u2019abandon\u00a0scolaire,\u00a0notamment\u00a0celui\u00a0des\u00a0filles\u00a0;<\/p>\n<p style=\"font-weight: 400;\">&#8211;\u00a0\u00a0\u00a0\u00a0\u00a0\u00a0\u00a0\u00a0\u00a0\u00a0\u00a0\u00a0\u00a0\u00a0\u00a0Le\u00a0partage\u00a0des\u00a0actions\u00a0de\u00a0s\u00e9curit\u00e9\u00a0et\u00a0l\u2019acc\u00e8s\u00a0aux\u00a0soins\u00a0pour\u00a0les\u00a0communaut\u00e9s\u00a0les\u00a0plus\u00a0proches\u00a0;<\/p>\n<p style=\"font-weight: 400;\">&#8211;\u00a0\u00a0\u00a0\u00a0\u00a0\u00a0\u00a0\u00a0\u00a0\u00a0\u00a0\u00a0\u00a0\u00a0\u00a0Le\u00a0d\u00e9veloppement\u00a0de\u00a0l\u2019employabilit\u00e9\u00a0des\u00a0jeunes\u00a0issus\u00a0des\u00a0communaut\u00e9s\u00a0locales\u00a0;<\/p>\n<p style=\"font-weight: 400;\">&#8211;\u00a0\u00a0\u00a0\u00a0\u00a0\u00a0\u00a0\u00a0\u00a0\u00a0\u00a0\u00a0\u00a0\u00a0\u00a0Le\u00a0d\u00e9veloppement\u00a0local\u00a0via\u00a0des\u00a0partenariats\u00a0allant\u00a0dans\u00a0le\u00a0sens\u00a0de\u00a0l\u2019am\u00e9lioration\u00a0du\u00a0cadre\u00a0de\u00a0vie\u00a0de\u00a0nos\u00a0riverains.<\/p>\n<h4 style=\"font-weight: 400;\"><strong><em>A<\/em><\/strong><strong><em>\u00a0<\/em><\/strong><strong><em>propos<\/em><\/strong><strong><em>\u00a0<\/em><\/strong><strong><em>de<\/em><\/strong><strong><em>\u00a0<\/em><\/strong><strong><em>LafargeHolcim<\/em><\/strong><strong><em>\u00a0<\/em><\/strong><strong><em>Maroc<\/em><\/strong><\/h4>\n<p style=\"font-weight: 400;\"><em>LafargeHolcim<\/em><em>\u00a0<\/em><em>Maroc<\/em><em>\u00a0<\/em><em>est<\/em><em>\u00a0<\/em><em>le<\/em><em>\u00a0<\/em><em>leader<\/em><em>\u00a0<\/em><em>national<\/em><em>\u00a0<\/em><em>du<\/em><em>\u00a0<\/em><em>secteur<\/em><em>\u00a0<\/em><em>des<\/em><em>\u00a0<\/em><em>mat\u00e9riaux<\/em><em>\u00a0<\/em><em>de<\/em><em>\u00a0<\/em><em>construction<\/em><em>\u00a0<\/em><em>au<\/em><em>\u00a0<\/em><em>Maroc<\/em><em>\u00a0<\/em><em>et<\/em><em>\u00a0<\/em><em>la<\/em><em>\u00a0<\/em><em>premi\u00e8re<\/em><em>\u00a0<\/em><em>capitalisation<\/em><em>\u00a0<\/em><em>boursi\u00e8re<\/em><em>\u00a0<\/em><em>industrielle<\/em><em>\u00a0<\/em><em>de<\/em><em>\u00a0<\/em><em>la<\/em><em>\u00a0Bourse\u00a0de\u00a0Casablanca.\u00a0LafargeHolcim\u00a0Maroc\u00a0est\u00a0d\u00e9tenue\u00a0majoritairement\u00a0par\u00a0une\u00a0joint-venture\u00a0entre\u00a0le\u00a0Groupe\u00a0Holcim,\u00a0leader\u00a0mondial\u00a0des\u00a0solutions\u00a0de\u00a0construction\u00a0innovantes\u00a0et\u00a0durables,\u00a0et\u00a0Al\u00a0Mada-Positive\u00a0Impact,\u00a0fonds\u00a0d\u2019investissement\u00a0panafricain\u00a0\u00e0\u00a0capitaux\u00a0priv\u00e9s,\u00a0bas\u00e9\u00a0\u00e0\u00a0Casablanca.\u00a0Pr\u00e9sent\u00a0dans\u00a0<\/em><em>le<\/em><em>\u00a0<\/em><em>Royaume<\/em><em>\u00a0<\/em><em>depuis<\/em><em>\u00a0<\/em><em>1928,<\/em><em>\u00a0<\/em><em>LafargeHolcim<\/em><em>\u00a0<\/em><em>Maroc<\/em><em>\u00a0<\/em><em>a<\/em><em>\u00a0<\/em><em>particip\u00e9<\/em><em>\u00a0<\/em><em>\u00e0<\/em><em>\u00a0<\/em><em>la<\/em><em>\u00a0<\/em><em>modernisation<\/em><em>\u00a0<\/em><em>du<\/em><em>\u00a0<\/em><em>secteur<\/em><em>\u00a0<\/em><em>de<\/em><em>\u00a0<\/em><em>la<\/em><em>\u00a0<\/em><em>construction<\/em><em>\u00a0<\/em><em>et<\/em><em>\u00a0<\/em><em>\u00e0<\/em><em>\u00a0<\/em><em>l\u2019essor<\/em><em>\u00a0<\/em><em>\u00e9conomique<\/em><em>\u00a0<\/em><em>du<\/em><em>\u00a0<\/em><em>Maroc.<\/em><em>\u00a0<\/em><em>Son<\/em><em>\u00a0<\/em><em>ambition est d\u2019\u00eatre le partenaire de r\u00e9f\u00e9rence contribuant de fa\u00e7on significative au d\u00e9veloppement\u00a0<\/em><em>national, par sa capacit\u00e9 d\u2019innovation et les<\/em><em>\u00a0<\/em><em>savoir-faire<\/em><em>\u00a0<\/em><em>apport\u00e9s<\/em><em>\u00a0<\/em><em>au<\/em><em>\u00a0<\/em><em>secteur<\/em><em>\u00a0<\/em><em>de<\/em><em>\u00a0<\/em><em>la<\/em><em>\u00a0<\/em><em>construction<\/em><em>\u00a0<\/em><em>au<\/em><em>\u00a0<\/em><em>Maroc.<\/em><em>\u00a0<\/em><em>Sa<\/em><em>\u00a0<\/em><em>strat\u00e9gie<\/em><em>\u00a0<\/em><em>repose<\/em><em>\u00a0<\/em><em>sur<\/em><em>\u00a0<\/em><em>les<\/em><em>\u00a0<\/em><em>principes<\/em><em>\u00a0<\/em><em>fondamentaux<\/em><em>\u00a0<\/em><em>d\u2019une<\/em><em>\u00a0<\/em><em>croissance<\/em><em>\u00a0<\/em><em>durable,<\/em><em>\u00a0<\/em><em>\u00e0<\/em><em>\u00a0<\/em><em>l\u2019\u00e9coute<\/em><em>\u00a0<\/em><em>des<\/em><em>\u00a0<\/em><em>\u00e9volutions\u00a0de\u00a0la\u00a0soci\u00e9t\u00e9,\u00a0et\u00a0respectueuse\u00a0de\u00a0l\u2019environnement\u00a0et\u00a0de\u00a0toutes\u00a0les\u00a0parties\u00a0prenantes.<\/em><\/p>\n","protected":false},"excerpt":{"rendered":"<p>Plus\u00a0de\u00a014\u00a0000\u00a0\u00e9l\u00e8ves\u00a0riverains\u00a0autour\u00a0de\u00a0nos\u00a0sites\u00a0dans\u00a0plus\u00a0de\u00a0100\u00a0\u00e9coles\u00a0ont\u00a0\u00e9t\u00e9\u00a0concern\u00e9s par\u00a0l\u2019op\u00e9ration \u00ab Rentr\u00e9e scolaire \u00bb men\u00e9e par LafargeHolcim Maroc au titre de l\u2019ann\u00e9e scolaire<\/p>\n","protected":false},"author":1,"featured_media":1077,"comment_status":"open","ping_status":"open","sticky":false,"template":"","format":"standard","meta":{"_acf_changed":false,"footnotes":""},"categories":[4,3],"tags":[79],"class_list":["post-1076","post","type-post","status-publish","format-standard","has-post-thumbnail","hentry","category-economie","category-nouvelles-selectionnees","tag-lafargeholcim-maroc"],"acf":[],"yoast_head":"<!-- This site is optimized with the Yoast SEO plugin v22.0 - https:\/\/yoast.com\/wordpress\/plugins\/seo\/ -->\n<title>14.000 \u00e9l\u00e8ves riverains ont b\u00e9n\u00e9fici\u00e9 de l\u2019op\u00e9ration \u00ab Rentr\u00e9e scolaire \u00bb men\u00e9e par LafargeHolcim Maroc - MEDIA PLATEFORME | FR<\/title>\n<meta name=\"description\" content=\"Plus\u00a0de\u00a014\u00a0000\u00a0\u00e9l\u00e8ves\u00a0riverains\u00a0autour\u00a0de\u00a0nos\u00a0sites\u00a0dans\u00a0plus\u00a0de\u00a0100\u00a0\u00e9coles\u00a0ont\u00a0\u00e9t\u00e9\u00a0concern\u00e9s par\u00a0l\u2019op\u00e9ration \u00ab LafargeHolcim Maroc\" \/>\n<meta name=\"robots\" content=\"index, follow, max-snippet:-1, max-image-preview:large, max-video-preview:-1\" \/>\n<link rel=\"canonical\" href=\"https:\/\/www.mediaplateforme.com\/fr\/14-000-eleves-riverains-ont-beneficie-de-loperation-rentree-scolaire-menee-par-lafargeholcim-maroc\/\" \/>\n<meta property=\"og:locale\" content=\"fr_FR\" \/>\n<meta property=\"og:type\" content=\"article\" \/>\n<meta property=\"og:title\" content=\"14.000 \u00e9l\u00e8ves riverains ont b\u00e9n\u00e9fici\u00e9 de l\u2019op\u00e9ration \u00ab Rentr\u00e9e scolaire \u00bb men\u00e9e par LafargeHolcim Maroc - MEDIA PLATEFORME | FR\" \/>\n<meta property=\"og:description\" content=\"Plus\u00a0de\u00a014\u00a0000\u00a0\u00e9l\u00e8ves\u00a0riverains\u00a0autour\u00a0de\u00a0nos\u00a0sites\u00a0dans\u00a0plus\u00a0de\u00a0100\u00a0\u00e9coles\u00a0ont\u00a0\u00e9t\u00e9\u00a0concern\u00e9s par\u00a0l\u2019op\u00e9ration \u00ab LafargeHolcim Maroc\" \/>\n<meta property=\"og:url\" content=\"https:\/\/www.mediaplateforme.com\/fr\/14-000-eleves-riverains-ont-beneficie-de-loperation-rentree-scolaire-menee-par-lafargeholcim-maroc\/\" \/>\n<meta property=\"og:site_name\" content=\"MEDIA PLATEFORME | FR\" \/>\n<meta property=\"article:published_time\" content=\"2022-09-23T09:56:42+00:00\" \/>\n<meta property=\"og:image\" content=\"https:\/\/www.mediaplateforme.com\/fr\/wp-content\/uploads\/sites\/5\/2022\/09\/LafargeHolcim-Maroc.jpg\" \/>\n\t<meta property=\"og:image:width\" content=\"679\" \/>\n\t<meta property=\"og:image:height\" content=\"504\" \/>\n\t<meta property=\"og:image:type\" content=\"image\/jpeg\" \/>\n<meta name=\"author\" content=\"Mediaplateforme\" \/>\n<meta name=\"twitter:card\" content=\"summary_large_image\" \/>\n<meta name=\"twitter:label1\" content=\"\u00c9crit par\" \/>\n\t<meta name=\"twitter:data1\" content=\"Mediaplateforme\" \/>\n\t<meta name=\"twitter:label2\" content=\"Dur\u00e9e de lecture estim\u00e9e\" \/>\n\t<meta name=\"twitter:data2\" content=\"3 minutes\" \/>\n<script type=\"application\/ld+json\" class=\"yoast-schema-graph\">{\"@context\":\"https:\/\/schema.org\",\"@graph\":[{\"@type\":\"WebPage\",\"@id\":\"https:\/\/www.mediaplateforme.com\/fr\/14-000-eleves-riverains-ont-beneficie-de-loperation-rentree-scolaire-menee-par-lafargeholcim-maroc\/\",\"url\":\"https:\/\/www.mediaplateforme.com\/fr\/14-000-eleves-riverains-ont-beneficie-de-loperation-rentree-scolaire-menee-par-lafargeholcim-maroc\/\",\"name\":\"14.000 \u00e9l\u00e8ves riverains ont b\u00e9n\u00e9fici\u00e9 de l\u2019op\u00e9ration \u00ab Rentr\u00e9e scolaire \u00bb men\u00e9e par LafargeHolcim Maroc - MEDIA PLATEFORME | FR\",\"isPartOf\":{\"@id\":\"https:\/\/www.mediaplateforme.com\/fr\/#website\"},\"datePublished\":\"2022-09-23T09:56:42+00:00\",\"dateModified\":\"2022-09-23T09:56:42+00:00\",\"author\":{\"@id\":\"https:\/\/www.mediaplateforme.com\/fr\/#\/schema\/person\/89833db382b5db2c76b094bc902aa12a\"},\"description\":\"Plus\u00a0de\u00a014\u00a0000\u00a0\u00e9l\u00e8ves\u00a0riverains\u00a0autour\u00a0de\u00a0nos\u00a0sites\u00a0dans\u00a0plus\u00a0de\u00a0100\u00a0\u00e9coles\u00a0ont\u00a0\u00e9t\u00e9\u00a0concern\u00e9s par\u00a0l\u2019op\u00e9ration \u00ab LafargeHolcim Maroc\",\"breadcrumb\":{\"@id\":\"https:\/\/www.mediaplateforme.com\/fr\/14-000-eleves-riverains-ont-beneficie-de-loperation-rentree-scolaire-menee-par-lafargeholcim-maroc\/#breadcrumb\"},\"inLanguage\":\"fr-FR\",\"potentialAction\":[{\"@type\":\"ReadAction\",\"target\":[\"https:\/\/www.mediaplateforme.com\/fr\/14-000-eleves-riverains-ont-beneficie-de-loperation-rentree-scolaire-menee-par-lafargeholcim-maroc\/\"]}]},{\"@type\":\"BreadcrumbList\",\"@id\":\"https:\/\/www.mediaplateforme.com\/fr\/14-000-eleves-riverains-ont-beneficie-de-loperation-rentree-scolaire-menee-par-lafargeholcim-maroc\/#breadcrumb\",\"itemListElement\":[{\"@type\":\"ListItem\",\"position\":1,\"name\":\"\u0627\u0644\u0631\u0626\u064a\u0633\u064a\u0629\",\"item\":\"https:\/\/www.mediaplateforme.com\/fr\/\"},{\"@type\":\"ListItem\",\"position\":2,\"name\":\"14.000 \u00e9l\u00e8ves riverains ont b\u00e9n\u00e9fici\u00e9 de l\u2019op\u00e9ration \u00ab Rentr\u00e9e scolaire \u00bb men\u00e9e par LafargeHolcim Maroc\"}]},{\"@type\":\"WebSite\",\"@id\":\"https:\/\/www.mediaplateforme.com\/fr\/#website\",\"url\":\"https:\/\/www.mediaplateforme.com\/fr\/\",\"name\":\"MEDIA PLATEFORME | FR\",\"description\":\"Mediaplateforme sp\u00e9cialis\u00e9 dans la communication institutions publiques et des entreprises\",\"potentialAction\":[{\"@type\":\"SearchAction\",\"target\":{\"@type\":\"EntryPoint\",\"urlTemplate\":\"https:\/\/www.mediaplateforme.com\/fr\/?s={search_term_string}\"},\"query-input\":\"required name=search_term_string\"}],\"inLanguage\":\"fr-FR\"},{\"@type\":\"Person\",\"@id\":\"https:\/\/www.mediaplateforme.com\/fr\/#\/schema\/person\/89833db382b5db2c76b094bc902aa12a\",\"name\":\"Mediaplateforme\",\"image\":{\"@type\":\"ImageObject\",\"inLanguage\":\"fr-FR\",\"@id\":\"https:\/\/www.mediaplateforme.com\/fr\/#\/schema\/person\/image\/\",\"url\":\"https:\/\/secure.gravatar.com\/avatar\/6c9c02e8928cc65d54bf75157f7b3a2d06d7ad0494ca0951f679552ff03b34c1?s=96&d=mm&r=g\",\"contentUrl\":\"https:\/\/secure.gravatar.com\/avatar\/6c9c02e8928cc65d54bf75157f7b3a2d06d7ad0494ca0951f679552ff03b34c1?s=96&d=mm&r=g\",\"caption\":\"Mediaplateforme\"},\"sameAs\":[\"https:\/\/www.mediaplateforme.com\"],\"url\":\"https:\/\/www.mediaplateforme.com\/fr\/author\/mohamedladib\/\"}]}<\/script>\n<!-- \/ Yoast SEO plugin. -->","yoast_head_json":{"title":"14.000 \u00e9l\u00e8ves riverains ont b\u00e9n\u00e9fici\u00e9 de l\u2019op\u00e9ration \u00ab Rentr\u00e9e scolaire \u00bb men\u00e9e par LafargeHolcim Maroc - MEDIA PLATEFORME | FR","description":"Plus\u00a0de\u00a014\u00a0000\u00a0\u00e9l\u00e8ves\u00a0riverains\u00a0autour\u00a0de\u00a0nos\u00a0sites\u00a0dans\u00a0plus\u00a0de\u00a0100\u00a0\u00e9coles\u00a0ont\u00a0\u00e9t\u00e9\u00a0concern\u00e9s par\u00a0l\u2019op\u00e9ration \u00ab LafargeHolcim Maroc","robots":{"index":"index","follow":"follow","max-snippet":"max-snippet:-1","max-image-preview":"max-image-preview:large","max-video-preview":"max-video-preview:-1"},"canonical":"https:\/\/www.mediaplateforme.com\/fr\/14-000-eleves-riverains-ont-beneficie-de-loperation-rentree-scolaire-menee-par-lafargeholcim-maroc\/","og_locale":"fr_FR","og_type":"article","og_title":"14.000 \u00e9l\u00e8ves riverains ont b\u00e9n\u00e9fici\u00e9 de l\u2019op\u00e9ration \u00ab Rentr\u00e9e scolaire \u00bb men\u00e9e par LafargeHolcim Maroc - MEDIA PLATEFORME | FR","og_description":"Plus\u00a0de\u00a014\u00a0000\u00a0\u00e9l\u00e8ves\u00a0riverains\u00a0autour\u00a0de\u00a0nos\u00a0sites\u00a0dans\u00a0plus\u00a0de\u00a0100\u00a0\u00e9coles\u00a0ont\u00a0\u00e9t\u00e9\u00a0concern\u00e9s par\u00a0l\u2019op\u00e9ration \u00ab LafargeHolcim Maroc","og_url":"https:\/\/www.mediaplateforme.com\/fr\/14-000-eleves-riverains-ont-beneficie-de-loperation-rentree-scolaire-menee-par-lafargeholcim-maroc\/","og_site_name":"MEDIA PLATEFORME | FR","article_published_time":"2022-09-23T09:56:42+00:00","og_image":[{"width":679,"height":504,"url":"https:\/\/www.mediaplateforme.com\/fr\/wp-content\/uploads\/sites\/5\/2022\/09\/LafargeHolcim-Maroc.jpg","type":"image\/jpeg"}],"author":"Mediaplateforme","twitter_card":"summary_large_image","twitter_misc":{"\u00c9crit par":"Mediaplateforme","Dur\u00e9e de lecture estim\u00e9e":"3 minutes"},"schema":{"@context":"https:\/\/schema.org","@graph":[{"@type":"WebPage","@id":"https:\/\/www.mediaplateforme.com\/fr\/14-000-eleves-riverains-ont-beneficie-de-loperation-rentree-scolaire-menee-par-lafargeholcim-maroc\/","url":"https:\/\/www.mediaplateforme.com\/fr\/14-000-eleves-riverains-ont-beneficie-de-loperation-rentree-scolaire-menee-par-lafargeholcim-maroc\/","name":"14.000 \u00e9l\u00e8ves riverains ont b\u00e9n\u00e9fici\u00e9 de l\u2019op\u00e9ration \u00ab Rentr\u00e9e scolaire \u00bb men\u00e9e par LafargeHolcim Maroc - MEDIA PLATEFORME | FR","isPartOf":{"@id":"https:\/\/www.mediaplateforme.com\/fr\/#website"},"datePublished":"2022-09-23T09:56:42+00:00","dateModified":"2022-09-23T09:56:42+00:00","author":{"@id":"https:\/\/www.mediaplateforme.com\/fr\/#\/schema\/person\/89833db382b5db2c76b094bc902aa12a"},"description":"Plus\u00a0de\u00a014\u00a0000\u00a0\u00e9l\u00e8ves\u00a0riverains\u00a0autour\u00a0de\u00a0nos\u00a0sites\u00a0dans\u00a0plus\u00a0de\u00a0100\u00a0\u00e9coles\u00a0ont\u00a0\u00e9t\u00e9\u00a0concern\u00e9s par\u00a0l\u2019op\u00e9ration \u00ab LafargeHolcim Maroc","breadcrumb":{"@id":"https:\/\/www.mediaplateforme.com\/fr\/14-000-eleves-riverains-ont-beneficie-de-loperation-rentree-scolaire-menee-par-lafargeholcim-maroc\/#breadcrumb"},"inLanguage":"fr-FR","potentialAction":[{"@type":"ReadAction","target":["https:\/\/www.mediaplateforme.com\/fr\/14-000-eleves-riverains-ont-beneficie-de-loperation-rentree-scolaire-menee-par-lafargeholcim-maroc\/"]}]},{"@type":"BreadcrumbList","@id":"https:\/\/www.mediaplateforme.com\/fr\/14-000-eleves-riverains-ont-beneficie-de-loperation-rentree-scolaire-menee-par-lafargeholcim-maroc\/#breadcrumb","itemListElement":[{"@type":"ListItem","position":1,"name":"\u0627\u0644\u0631\u0626\u064a\u0633\u064a\u0629","item":"https:\/\/www.mediaplateforme.com\/fr\/"},{"@type":"ListItem","position":2,"name":"14.000 \u00e9l\u00e8ves riverains ont b\u00e9n\u00e9fici\u00e9 de l\u2019op\u00e9ration \u00ab Rentr\u00e9e scolaire \u00bb men\u00e9e par LafargeHolcim Maroc"}]},{"@type":"WebSite","@id":"https:\/\/www.mediaplateforme.com\/fr\/#website","url":"https:\/\/www.mediaplateforme.com\/fr\/","name":"MEDIA PLATEFORME | FR","description":"Mediaplateforme sp\u00e9cialis\u00e9 dans la communication institutions publiques et des entreprises","potentialAction":[{"@type":"SearchAction","target":{"@type":"EntryPoint","urlTemplate":"https:\/\/www.mediaplateforme.com\/fr\/?s={search_term_string}"},"query-input":"required name=search_term_string"}],"inLanguage":"fr-FR"},{"@type":"Person","@id":"https:\/\/www.mediaplateforme.com\/fr\/#\/schema\/person\/89833db382b5db2c76b094bc902aa12a","name":"Mediaplateforme","image":{"@type":"ImageObject","inLanguage":"fr-FR","@id":"https:\/\/www.mediaplateforme.com\/fr\/#\/schema\/person\/image\/","url":"https:\/\/secure.gravatar.com\/avatar\/6c9c02e8928cc65d54bf75157f7b3a2d06d7ad0494ca0951f679552ff03b34c1?s=96&d=mm&r=g","contentUrl":"https:\/\/secure.gravatar.com\/avatar\/6c9c02e8928cc65d54bf75157f7b3a2d06d7ad0494ca0951f679552ff03b34c1?s=96&d=mm&r=g","caption":"Mediaplateforme"},"sameAs":["https:\/\/www.mediaplateforme.com"],"url":"https:\/\/www.mediaplateforme.com\/fr\/author\/mohamedladib\/"}]}},"_links":{"self":[{"href":"https:\/\/www.mediaplateforme.com\/fr\/wp-json\/wp\/v2\/posts\/1076","targetHints":{"allow":["GET"]}}],"collection":[{"href":"https:\/\/www.mediaplateforme.com\/fr\/wp-json\/wp\/v2\/posts"}],"about":[{"href":"https:\/\/www.mediaplateforme.com\/fr\/wp-json\/wp\/v2\/types\/post"}],"author":[{"embeddable":true,"href":"https:\/\/www.mediaplateforme.com\/fr\/wp-json\/wp\/v2\/users\/1"}],"replies":[{"embeddable":true,"href":"https:\/\/www.mediaplateforme.com\/fr\/wp-json\/wp\/v2\/comments?post=1076"}],"version-history":[{"count":1,"href":"https:\/\/www.mediaplateforme.com\/fr\/wp-json\/wp\/v2\/posts\/1076\/revisions"}],"predecessor-version":[{"id":1078,"href":"https:\/\/www.mediaplateforme.com\/fr\/wp-json\/wp\/v2\/posts\/1076\/revisions\/1078"}],"wp:featuredmedia":[{"embeddable":true,"href":"https:\/\/www.mediaplateforme.com\/fr\/wp-json\/wp\/v2\/media\/1077"}],"wp:attachment":[{"href":"https:\/\/www.mediaplateforme.com\/fr\/wp-json\/wp\/v2\/media?parent=1076"}],"wp:term":[{"taxonomy":"category","embeddable":true,"href":"https:\/\/www.mediaplateforme.com\/fr\/wp-json\/wp\/v2\/categories?post=1076"},{"taxonomy":"post_tag","embeddable":true,"href":"https:\/\/www.mediaplateforme.com\/fr\/wp-json\/wp\/v2\/tags?post=1076"}],"curies":[{"name":"wp","href":"https:\/\/api.w.org\/{rel}","templated":true}]}}