{"id":1070,"date":"2022-09-22T22:16:14","date_gmt":"2022-09-22T21:16:14","guid":{"rendered":"https:\/\/www.mediaplateforme.com\/fr\/?p=1070"},"modified":"2022-09-22T22:16:14","modified_gmt":"2022-09-22T21:16:14","slug":"des-exportateurs-qataris-en-reunion-b2b-a-casablanca","status":"publish","type":"post","link":"https:\/\/www.mediaplateforme.com\/fr\/des-exportateurs-qataris-en-reunion-b2b-a-casablanca\/","title":{"rendered":"Des exportateurs qataris en r\u00e9union B2B \u00e0 Casablanca"},"content":{"rendered":"<p>L&rsquo;agence qatarie du d\u00e9veloppement et de la promotion des exportations Tasdeer, la branche en charge des exportations au sein de la Banque de D\u00e9veloppement du Qatar (Qatar Development Bank, ou QDB), organise une s\u00e9rie de rencontres bilat\u00e9rales maroco-qataries les 4 et 5 octobre 2022 \u00e0 Casablanca, et ce dans le cadre des d\u00e9marches entreprises par la banque en vue d\u2019ouvrir de nouveaux march\u00e9s aux exportateurs qataris. Ces r\u00e9unions s&rsquo;inscrivent dans la tendance montante des \u00e9changes commerciaux entre les deux pays au cours de la derni\u00e8re d\u00e9cennie, et visent \u00e0 g\u00e9n\u00e9rer des relations d\u2019affaires entre les entreprises des deux pays gr\u00e2ce \u00e0 l\u2019identification d&rsquo;opportunit\u00e9s commerciales et de perspectives de coop\u00e9ration entre les deux parties.<\/p>\n<p>&nbsp;<\/p>\n<p>La d\u00e9l\u00e9gation qatarie, emmen\u00e9e par la Banque de D\u00e9veloppement du Qatar, comprend des industriels et des prestataires de services qataris int\u00e9ress\u00e9s par la rencontre d\u2019acheteurs, d\u2019agents commerciaux et de distributeurs potentiels au Maroc, et qui cherchent \u00e0 cr\u00e9er des partenariats d\u2019import-export dans plusieurs secteurs comme les mat\u00e9riaux de construction, les produits de sant\u00e9 dont les m\u00e9dicaments, le plastique, les produits de soins personnels et domestiques, le tourisme, et d\u2019autres domaines.<\/p>\n<p>&nbsp;<\/p>\n<p>L\u2019\u00e9v\u00e8nement rassemblera \u00e9galement les repr\u00e9sentants du gouvernement et du secteur priv\u00e9 marocains avec leurs homologues qataris, qui introduiront les deux journ\u00e9es de r\u00e9unions bilat\u00e9rales en pr\u00e9sence des entreprises qataries exportatrices dans les grands secteurs \u00e9conomiques des deux pays.<\/p>\n<p>&nbsp;<\/p>\n<p>Au sujet de cette initiative, Monsieur Abdulrahman Hesham Al-Sowaidi, directeur g\u00e9n\u00e9ral adjoint de la Banque de D\u00e9veloppement du Qatar, d\u00e9clare\u00a0: \u00ab\u00a0ces r\u00e9unions bilat\u00e9rales accompagnent, au sein du Royaume du Maroc, les ambitions \u00e9conomiques nationales du Qatar et de ses entreprises exportatrices, et consolident nos efforts persistants en vue de renforcer les \u00e9changes commerciaux entre nos deux pays fr\u00e8res, au service des strat\u00e9gies de d\u00e9veloppement \u00e9conomique de chacun des deux pays\u00a0\u00bb.<\/p>\n<p>&nbsp;<\/p>\n<p>\u00ab\u00a0Ces rencontres B2B constituent une v\u00e9ritable opportunit\u00e9 pour les entreprises priv\u00e9es du Qatar, o\u00f9 notre gouvernement poursuit les efforts \u00e0 tous les niveaux pour intensifier et diversifier la coop\u00e9ration entre les entreprises qataries et les diff\u00e9rents march\u00e9s arabes et internationaux, ajoute Monsieur Abdulrahman Hesham Al-Sowaidi. Nous avons la ferme conviction que la coop\u00e9ration fructueuse permettra aux entreprises participantes de b\u00e9n\u00e9ficier du climat propice aux affaires qui r\u00e8gne dans les deux pays et de soutenir les\u00a0PME et leurs \u00e9cosyst\u00e8mes, en vue d\u2019acc\u00e9der \u00e0 de nouveaux march\u00e9s et aux opportunit\u00e9s associ\u00e9es \u00bb.<\/p>\n<p>Les exportations du Qatar vers le march\u00e9 marocain ont progress\u00e9 de fa\u00e7on remarquable ces derni\u00e8res ann\u00e9es, passant de 150 millions de rials qataris en 2017 \u00e0 511 millions de rials qataris en 2021. Cette nouvelle s\u00e9rie de r\u00e9unions s&rsquo;inscrit dans cette tendance, apr\u00e8s les r\u00e9ussites des pr\u00e9c\u00e9dentes rencontres : les entreprises qataries ont d\u00e9j\u00e0 particip\u00e9 \u00e0 des rencontres B2B avec des entreprises marocaines sous l\u2019\u00e9gide de la Banque de D\u00e9veloppement du Qatar en 2014 en pr\u00e9sence de 12 entreprises exportatrices, puis en 2017 lors du salon Plast Expo &amp; Plast Pack, ainsi qu\u2019au salon The Big 5 tenu au Maroc en 2018.<\/p>\n<p>Ces r\u00e9unions bilat\u00e9rales initi\u00e9es par la Banque de D\u00e9veloppement du Qatar constituent l\u2019un des moyens \u00e0 travers lesquels la banque renforce son r\u00f4le de locomotive en vue de promouvoir l\u2019\u00e9cosyst\u00e8me des PME et de l\u2019innovation au Qatar, tout en contribuant au d\u00e9veloppement d\u2019une \u00e9conomie durable, diversifi\u00e9e et comp\u00e9titive, \u00e0 laquelle contribuent pleinement des PME prosp\u00e8res. Le succ\u00e8s de ces r\u00e9unions repose sur des \u00e9tudes de march\u00e9 compl\u00e8tes et des \u00e9tudes de comp\u00e9titivit\u00e9 globale r\u00e9alis\u00e9es sous la direction de la Banque de D\u00e9veloppement du Qatar. Les entreprises et les entrepreneurs marocains qui sont int\u00e9ress\u00e9s par cet \u00e9v\u00e9nement peuvent acc\u00e9der \u00e0 plus d\u2019information en consultant le lien suivant\u00a0:\u00a0<a href=\"https:\/\/qatarmoroccob2b.net\/\" data-saferedirecturl=\"https:\/\/www.google.com\/url?q=https:\/\/qatarmoroccob2b.net&amp;source=gmail&amp;ust=1663965311486000&amp;usg=AOvVaw1FAvyJUYFzVXHAevLYcuWI\">https:\/\/qatarmoroccob2b.net<\/a><\/p>\n","protected":false},"excerpt":{"rendered":"<p>L&rsquo;agence qatarie du d\u00e9veloppement et de la promotion des exportations Tasdeer, la branche en charge<\/p>\n","protected":false},"author":1,"featured_media":1071,"comment_status":"open","ping_status":"open","sticky":false,"template":"","format":"standard","meta":{"_acf_changed":false,"footnotes":""},"categories":[4,3],"tags":[385,18,386],"class_list":["post-1070","post","type-post","status-publish","format-standard","has-post-thumbnail","hentry","category-economie","category-nouvelles-selectionnees","tag-lagence-qatarie-du-developpement","tag-maroc","tag-quatar"],"acf":[],"yoast_head":"<!-- This site is optimized with the Yoast SEO plugin v22.0 - https:\/\/yoast.com\/wordpress\/plugins\/seo\/ -->\n<title>Des exportateurs qataris en r\u00e9union B2B \u00e0 Casablanca - MEDIA PLATEFORME | FR<\/title>\n<meta name=\"description\" content=\"L&#039;agence qatarie du d\u00e9veloppement et de la promotion des exportations Tasdeer, la branche en charge des exportations au sein de\" \/>\n<meta name=\"robots\" content=\"index, follow, max-snippet:-1, max-image-preview:large, max-video-preview:-1\" \/>\n<link rel=\"canonical\" href=\"https:\/\/www.mediaplateforme.com\/fr\/des-exportateurs-qataris-en-reunion-b2b-a-casablanca\/\" \/>\n<meta property=\"og:locale\" content=\"fr_FR\" \/>\n<meta property=\"og:type\" content=\"article\" \/>\n<meta property=\"og:title\" content=\"Des exportateurs qataris en r\u00e9union B2B \u00e0 Casablanca - MEDIA PLATEFORME | FR\" \/>\n<meta property=\"og:description\" content=\"L&#039;agence qatarie du d\u00e9veloppement et de la promotion des exportations Tasdeer, la branche en charge des exportations au sein de\" \/>\n<meta property=\"og:url\" content=\"https:\/\/www.mediaplateforme.com\/fr\/des-exportateurs-qataris-en-reunion-b2b-a-casablanca\/\" \/>\n<meta property=\"og:site_name\" content=\"MEDIA PLATEFORME | FR\" \/>\n<meta property=\"article:published_time\" content=\"2022-09-22T21:16:14+00:00\" \/>\n<meta property=\"og:image\" content=\"https:\/\/www.mediaplateforme.com\/fr\/wp-content\/uploads\/sites\/5\/2022\/09\/20201017_1602966725-744.webp\" \/>\n\t<meta property=\"og:image:width\" content=\"1000\" \/>\n\t<meta property=\"og:image:height\" content=\"562\" \/>\n\t<meta property=\"og:image:type\" content=\"image\/webp\" \/>\n<meta name=\"author\" content=\"Mediaplateforme\" \/>\n<meta name=\"twitter:card\" content=\"summary_large_image\" \/>\n<meta name=\"twitter:label1\" content=\"\u00c9crit par\" \/>\n\t<meta name=\"twitter:data1\" content=\"Mediaplateforme\" \/>\n\t<meta name=\"twitter:label2\" content=\"Dur\u00e9e de lecture estim\u00e9e\" \/>\n\t<meta name=\"twitter:data2\" content=\"4 minutes\" \/>\n<script type=\"application\/ld+json\" class=\"yoast-schema-graph\">{\"@context\":\"https:\/\/schema.org\",\"@graph\":[{\"@type\":\"WebPage\",\"@id\":\"https:\/\/www.mediaplateforme.com\/fr\/des-exportateurs-qataris-en-reunion-b2b-a-casablanca\/\",\"url\":\"https:\/\/www.mediaplateforme.com\/fr\/des-exportateurs-qataris-en-reunion-b2b-a-casablanca\/\",\"name\":\"Des exportateurs qataris en r\u00e9union B2B \u00e0 Casablanca - MEDIA PLATEFORME | FR\",\"isPartOf\":{\"@id\":\"https:\/\/www.mediaplateforme.com\/fr\/#website\"},\"datePublished\":\"2022-09-22T21:16:14+00:00\",\"dateModified\":\"2022-09-22T21:16:14+00:00\",\"author\":{\"@id\":\"https:\/\/www.mediaplateforme.com\/fr\/#\/schema\/person\/89833db382b5db2c76b094bc902aa12a\"},\"description\":\"L'agence qatarie du d\u00e9veloppement et de la promotion des exportations Tasdeer, la branche en charge des exportations au sein de\",\"breadcrumb\":{\"@id\":\"https:\/\/www.mediaplateforme.com\/fr\/des-exportateurs-qataris-en-reunion-b2b-a-casablanca\/#breadcrumb\"},\"inLanguage\":\"fr-FR\",\"potentialAction\":[{\"@type\":\"ReadAction\",\"target\":[\"https:\/\/www.mediaplateforme.com\/fr\/des-exportateurs-qataris-en-reunion-b2b-a-casablanca\/\"]}]},{\"@type\":\"BreadcrumbList\",\"@id\":\"https:\/\/www.mediaplateforme.com\/fr\/des-exportateurs-qataris-en-reunion-b2b-a-casablanca\/#breadcrumb\",\"itemListElement\":[{\"@type\":\"ListItem\",\"position\":1,\"name\":\"\u0627\u0644\u0631\u0626\u064a\u0633\u064a\u0629\",\"item\":\"https:\/\/www.mediaplateforme.com\/fr\/\"},{\"@type\":\"ListItem\",\"position\":2,\"name\":\"Des exportateurs qataris en r\u00e9union B2B \u00e0 Casablanca\"}]},{\"@type\":\"WebSite\",\"@id\":\"https:\/\/www.mediaplateforme.com\/fr\/#website\",\"url\":\"https:\/\/www.mediaplateforme.com\/fr\/\",\"name\":\"MEDIA PLATEFORME | FR\",\"description\":\"Mediaplateforme sp\u00e9cialis\u00e9 dans la communication institutions publiques et des entreprises\",\"potentialAction\":[{\"@type\":\"SearchAction\",\"target\":{\"@type\":\"EntryPoint\",\"urlTemplate\":\"https:\/\/www.mediaplateforme.com\/fr\/?s={search_term_string}\"},\"query-input\":\"required name=search_term_string\"}],\"inLanguage\":\"fr-FR\"},{\"@type\":\"Person\",\"@id\":\"https:\/\/www.mediaplateforme.com\/fr\/#\/schema\/person\/89833db382b5db2c76b094bc902aa12a\",\"name\":\"Mediaplateforme\",\"image\":{\"@type\":\"ImageObject\",\"inLanguage\":\"fr-FR\",\"@id\":\"https:\/\/www.mediaplateforme.com\/fr\/#\/schema\/person\/image\/\",\"url\":\"https:\/\/secure.gravatar.com\/avatar\/6c9c02e8928cc65d54bf75157f7b3a2d06d7ad0494ca0951f679552ff03b34c1?s=96&d=mm&r=g\",\"contentUrl\":\"https:\/\/secure.gravatar.com\/avatar\/6c9c02e8928cc65d54bf75157f7b3a2d06d7ad0494ca0951f679552ff03b34c1?s=96&d=mm&r=g\",\"caption\":\"Mediaplateforme\"},\"sameAs\":[\"https:\/\/www.mediaplateforme.com\"],\"url\":\"https:\/\/www.mediaplateforme.com\/fr\/author\/mohamedladib\/\"}]}<\/script>\n<!-- \/ Yoast SEO plugin. -->","yoast_head_json":{"title":"Des exportateurs qataris en r\u00e9union B2B \u00e0 Casablanca - MEDIA PLATEFORME | FR","description":"L'agence qatarie du d\u00e9veloppement et de la promotion des exportations Tasdeer, la branche en charge des exportations au sein de","robots":{"index":"index","follow":"follow","max-snippet":"max-snippet:-1","max-image-preview":"max-image-preview:large","max-video-preview":"max-video-preview:-1"},"canonical":"https:\/\/www.mediaplateforme.com\/fr\/des-exportateurs-qataris-en-reunion-b2b-a-casablanca\/","og_locale":"fr_FR","og_type":"article","og_title":"Des exportateurs qataris en r\u00e9union B2B \u00e0 Casablanca - MEDIA PLATEFORME | FR","og_description":"L'agence qatarie du d\u00e9veloppement et de la promotion des exportations Tasdeer, la branche en charge des exportations au sein de","og_url":"https:\/\/www.mediaplateforme.com\/fr\/des-exportateurs-qataris-en-reunion-b2b-a-casablanca\/","og_site_name":"MEDIA PLATEFORME | FR","article_published_time":"2022-09-22T21:16:14+00:00","og_image":[{"width":1000,"height":562,"url":"https:\/\/www.mediaplateforme.com\/fr\/wp-content\/uploads\/sites\/5\/2022\/09\/20201017_1602966725-744.webp","type":"image\/webp"}],"author":"Mediaplateforme","twitter_card":"summary_large_image","twitter_misc":{"\u00c9crit par":"Mediaplateforme","Dur\u00e9e de lecture estim\u00e9e":"4 minutes"},"schema":{"@context":"https:\/\/schema.org","@graph":[{"@type":"WebPage","@id":"https:\/\/www.mediaplateforme.com\/fr\/des-exportateurs-qataris-en-reunion-b2b-a-casablanca\/","url":"https:\/\/www.mediaplateforme.com\/fr\/des-exportateurs-qataris-en-reunion-b2b-a-casablanca\/","name":"Des exportateurs qataris en r\u00e9union B2B \u00e0 Casablanca - MEDIA PLATEFORME | FR","isPartOf":{"@id":"https:\/\/www.mediaplateforme.com\/fr\/#website"},"datePublished":"2022-09-22T21:16:14+00:00","dateModified":"2022-09-22T21:16:14+00:00","author":{"@id":"https:\/\/www.mediaplateforme.com\/fr\/#\/schema\/person\/89833db382b5db2c76b094bc902aa12a"},"description":"L'agence qatarie du d\u00e9veloppement et de la promotion des exportations Tasdeer, la branche en charge des exportations au sein de","breadcrumb":{"@id":"https:\/\/www.mediaplateforme.com\/fr\/des-exportateurs-qataris-en-reunion-b2b-a-casablanca\/#breadcrumb"},"inLanguage":"fr-FR","potentialAction":[{"@type":"ReadAction","target":["https:\/\/www.mediaplateforme.com\/fr\/des-exportateurs-qataris-en-reunion-b2b-a-casablanca\/"]}]},{"@type":"BreadcrumbList","@id":"https:\/\/www.mediaplateforme.com\/fr\/des-exportateurs-qataris-en-reunion-b2b-a-casablanca\/#breadcrumb","itemListElement":[{"@type":"ListItem","position":1,"name":"\u0627\u0644\u0631\u0626\u064a\u0633\u064a\u0629","item":"https:\/\/www.mediaplateforme.com\/fr\/"},{"@type":"ListItem","position":2,"name":"Des exportateurs qataris en r\u00e9union B2B \u00e0 Casablanca"}]},{"@type":"WebSite","@id":"https:\/\/www.mediaplateforme.com\/fr\/#website","url":"https:\/\/www.mediaplateforme.com\/fr\/","name":"MEDIA PLATEFORME | FR","description":"Mediaplateforme sp\u00e9cialis\u00e9 dans la communication institutions publiques et des entreprises","potentialAction":[{"@type":"SearchAction","target":{"@type":"EntryPoint","urlTemplate":"https:\/\/www.mediaplateforme.com\/fr\/?s={search_term_string}"},"query-input":"required name=search_term_string"}],"inLanguage":"fr-FR"},{"@type":"Person","@id":"https:\/\/www.mediaplateforme.com\/fr\/#\/schema\/person\/89833db382b5db2c76b094bc902aa12a","name":"Mediaplateforme","image":{"@type":"ImageObject","inLanguage":"fr-FR","@id":"https:\/\/www.mediaplateforme.com\/fr\/#\/schema\/person\/image\/","url":"https:\/\/secure.gravatar.com\/avatar\/6c9c02e8928cc65d54bf75157f7b3a2d06d7ad0494ca0951f679552ff03b34c1?s=96&d=mm&r=g","contentUrl":"https:\/\/secure.gravatar.com\/avatar\/6c9c02e8928cc65d54bf75157f7b3a2d06d7ad0494ca0951f679552ff03b34c1?s=96&d=mm&r=g","caption":"Mediaplateforme"},"sameAs":["https:\/\/www.mediaplateforme.com"],"url":"https:\/\/www.mediaplateforme.com\/fr\/author\/mohamedladib\/"}]}},"_links":{"self":[{"href":"https:\/\/www.mediaplateforme.com\/fr\/wp-json\/wp\/v2\/posts\/1070","targetHints":{"allow":["GET"]}}],"collection":[{"href":"https:\/\/www.mediaplateforme.com\/fr\/wp-json\/wp\/v2\/posts"}],"about":[{"href":"https:\/\/www.mediaplateforme.com\/fr\/wp-json\/wp\/v2\/types\/post"}],"author":[{"embeddable":true,"href":"https:\/\/www.mediaplateforme.com\/fr\/wp-json\/wp\/v2\/users\/1"}],"replies":[{"embeddable":true,"href":"https:\/\/www.mediaplateforme.com\/fr\/wp-json\/wp\/v2\/comments?post=1070"}],"version-history":[{"count":1,"href":"https:\/\/www.mediaplateforme.com\/fr\/wp-json\/wp\/v2\/posts\/1070\/revisions"}],"predecessor-version":[{"id":1072,"href":"https:\/\/www.mediaplateforme.com\/fr\/wp-json\/wp\/v2\/posts\/1070\/revisions\/1072"}],"wp:featuredmedia":[{"embeddable":true,"href":"https:\/\/www.mediaplateforme.com\/fr\/wp-json\/wp\/v2\/media\/1071"}],"wp:attachment":[{"href":"https:\/\/www.mediaplateforme.com\/fr\/wp-json\/wp\/v2\/media?parent=1070"}],"wp:term":[{"taxonomy":"category","embeddable":true,"href":"https:\/\/www.mediaplateforme.com\/fr\/wp-json\/wp\/v2\/categories?post=1070"},{"taxonomy":"post_tag","embeddable":true,"href":"https:\/\/www.mediaplateforme.com\/fr\/wp-json\/wp\/v2\/tags?post=1070"}],"curies":[{"name":"wp","href":"https:\/\/api.w.org\/{rel}","templated":true}]}}