{"id":1066,"date":"2022-09-22T22:00:28","date_gmt":"2022-09-22T21:00:28","guid":{"rendered":"https:\/\/www.mediaplateforme.com\/fr\/?p=1066"},"modified":"2022-09-23T09:36:52","modified_gmt":"2022-09-23T08:36:52","slug":"inwi-la-marque-marocaine-la-plus-aimee-dans-le-royaume","status":"publish","type":"post","link":"https:\/\/www.mediaplateforme.com\/fr\/inwi-la-marque-marocaine-la-plus-aimee-dans-le-royaume\/","title":{"rendered":"inwi, la marque marocaine la plus aim\u00e9e dans le Royaume"},"content":{"rendered":"<hr \/>\n<p>Grande cons\u00e9cration pour inwi ! L\u2019op\u00e9rateur global s\u2019est vu d\u00e9cerner le prix de \u00ab la marque marocaine la plus aim\u00e9e au Maroc \u00bb lors des \u00ab Love Brand Awards \u00bb, organis\u00e9s en marge de la 5\u00e8me \u00e9dition de l\u2019\u00e9v\u00e9nement \u00ab Les Imp\u00e9riales \u00bb.<\/p>\n<p>&nbsp;<\/p>\n<p>Cette reconnaissance refl\u00e8te toute la teneur des efforts de inwi pour d\u00e9mocratiser les usages, anticiper sans cesse les attentes des marocains et mettre \u00e0 leur disposition le meilleur de la technologie. L\u2019op\u00e9rateur est aujourd\u2019hui un acteur majeur de l\u2019inclusion num\u00e9rique au niveau national qui place l\u2019innovation, ancr\u00e9e dans son ADN, au c\u0153ur de toutes ses actions.<\/p>\n<p>&nbsp;<\/p>\n<p>\u00abSigne de confiance des consommateurs, le prix de la marque marocaine la plus aim\u00e9e conforte les efforts de l\u2019op\u00e9rateur pour r\u00e9pondre efficacement aux besoins des marocains, et renforce davantage le positionnement de inwi comme acteur majeur de l\u2019inclusion num\u00e9rique. Notre succ\u00e8s repose aussi sur une strat\u00e9gie de marque de proximit\u00e9, authentique et moderne \u00e0 l\u2019image de l\u2019op\u00e9rateur et une communication diff\u00e9rente et audacieuse avec du contenu 100% marocain.\u00bb, d\u00e9clare Nadia Rahim, Directrice Marques et Communication chez inwi.<\/p>\n<p>&nbsp;<\/p>\n<p>Cette distinction est le r\u00e9sultat d\u2019une \u00e9tude r\u00e9alis\u00e9e par Imp\u00e9rium, leader du traitement de l\u2019information, et qui a concern\u00e9 plus de 70 marques recens\u00e9es sur tout le Royaume avec un \u00e9chantillon de 3 500 consommateurs interrog\u00e9s. L\u2019objectif de cette \u00e9tude est de d\u00e9terminer les marques et les personnalit\u00e9s les plus aim\u00e9es par les marocains.<\/p>\n<p>&nbsp;<\/p>\n<p>Les Imp\u00e9riales s\u2019est impos\u00e9, depuis son lancement en 2019, comme le carrefour de rencontre des diff\u00e9rents acteurs du secteur du Marketing, de la Communication et des M\u00e9dias. L\u2019\u00e9dition 2022 se tient \u00e0 Casablanca du 19 au 25 septembre sous le th\u00e8me \u00ab Morocco Tomorrow : Brands, Culture, Talents, Tech \u00bb.<\/p>\n","protected":false},"excerpt":{"rendered":"<p>Grande cons\u00e9cration pour inwi ! L\u2019op\u00e9rateur global s\u2019est vu d\u00e9cerner le prix de \u00ab la<\/p>\n","protected":false},"author":1,"featured_media":1067,"comment_status":"open","ping_status":"open","sticky":false,"template":"","format":"standard","meta":{"_acf_changed":false,"footnotes":""},"categories":[4,3],"tags":[154,384],"class_list":["post-1066","post","type-post","status-publish","format-standard","has-post-thumbnail","hentry","category-economie","category-nouvelles-selectionnees","tag-inwi","tag-les-imperiales"],"acf":[],"yoast_head":"<!-- This site is optimized with the Yoast SEO plugin v22.0 - https:\/\/yoast.com\/wordpress\/plugins\/seo\/ -->\n<title>inwi, la marque marocaine la plus aim\u00e9e dans le Royaume - MEDIA PLATEFORME | FR<\/title>\n<meta name=\"description\" content=\"Grande cons\u00e9cration pour inwi ! L\u2019op\u00e9rateur global s\u2019est vu d\u00e9cerner le prix de \u00ab la marque marocaine la plus aim\u00e9e au Maroc \u00bb\" \/>\n<meta name=\"robots\" content=\"index, follow, max-snippet:-1, max-image-preview:large, max-video-preview:-1\" \/>\n<link rel=\"canonical\" href=\"https:\/\/www.mediaplateforme.com\/fr\/inwi-la-marque-marocaine-la-plus-aimee-dans-le-royaume\/\" \/>\n<meta property=\"og:locale\" content=\"fr_FR\" \/>\n<meta property=\"og:type\" content=\"article\" \/>\n<meta property=\"og:title\" content=\"inwi, la marque marocaine la plus aim\u00e9e dans le Royaume - MEDIA PLATEFORME | FR\" \/>\n<meta property=\"og:description\" content=\"Grande cons\u00e9cration pour inwi ! L\u2019op\u00e9rateur global s\u2019est vu d\u00e9cerner le prix de \u00ab la marque marocaine la plus aim\u00e9e au Maroc \u00bb\" \/>\n<meta property=\"og:url\" content=\"https:\/\/www.mediaplateforme.com\/fr\/inwi-la-marque-marocaine-la-plus-aimee-dans-le-royaume\/\" \/>\n<meta property=\"og:site_name\" content=\"MEDIA PLATEFORME | FR\" \/>\n<meta property=\"article:published_time\" content=\"2022-09-22T21:00:28+00:00\" \/>\n<meta property=\"article:modified_time\" content=\"2022-09-23T08:36:52+00:00\" \/>\n<meta property=\"og:image\" content=\"https:\/\/www.mediaplateforme.com\/fr\/wp-content\/uploads\/sites\/5\/2022\/09\/inwi-la-marque-marocaine-la-plus-aime\u0301e-dans-le-Royaume-scaled.jpg\" \/>\n\t<meta property=\"og:image:width\" content=\"2560\" \/>\n\t<meta property=\"og:image:height\" content=\"1440\" \/>\n\t<meta property=\"og:image:type\" content=\"image\/jpeg\" \/>\n<meta name=\"author\" content=\"Mediaplateforme\" \/>\n<meta name=\"twitter:card\" content=\"summary_large_image\" \/>\n<meta name=\"twitter:label1\" content=\"\u00c9crit par\" \/>\n\t<meta name=\"twitter:data1\" content=\"Mediaplateforme\" \/>\n\t<meta name=\"twitter:label2\" content=\"Dur\u00e9e de lecture estim\u00e9e\" \/>\n\t<meta name=\"twitter:data2\" content=\"2 minutes\" \/>\n<script type=\"application\/ld+json\" class=\"yoast-schema-graph\">{\"@context\":\"https:\/\/schema.org\",\"@graph\":[{\"@type\":\"WebPage\",\"@id\":\"https:\/\/www.mediaplateforme.com\/fr\/inwi-la-marque-marocaine-la-plus-aimee-dans-le-royaume\/\",\"url\":\"https:\/\/www.mediaplateforme.com\/fr\/inwi-la-marque-marocaine-la-plus-aimee-dans-le-royaume\/\",\"name\":\"inwi, la marque marocaine la plus aim\u00e9e dans le Royaume - MEDIA PLATEFORME | FR\",\"isPartOf\":{\"@id\":\"https:\/\/www.mediaplateforme.com\/fr\/#website\"},\"datePublished\":\"2022-09-22T21:00:28+00:00\",\"dateModified\":\"2022-09-23T08:36:52+00:00\",\"author\":{\"@id\":\"https:\/\/www.mediaplateforme.com\/fr\/#\/schema\/person\/89833db382b5db2c76b094bc902aa12a\"},\"description\":\"Grande cons\u00e9cration pour inwi ! L\u2019op\u00e9rateur global s\u2019est vu d\u00e9cerner le prix de \u00ab la marque marocaine la plus aim\u00e9e au Maroc \u00bb\",\"breadcrumb\":{\"@id\":\"https:\/\/www.mediaplateforme.com\/fr\/inwi-la-marque-marocaine-la-plus-aimee-dans-le-royaume\/#breadcrumb\"},\"inLanguage\":\"fr-FR\",\"potentialAction\":[{\"@type\":\"ReadAction\",\"target\":[\"https:\/\/www.mediaplateforme.com\/fr\/inwi-la-marque-marocaine-la-plus-aimee-dans-le-royaume\/\"]}]},{\"@type\":\"BreadcrumbList\",\"@id\":\"https:\/\/www.mediaplateforme.com\/fr\/inwi-la-marque-marocaine-la-plus-aimee-dans-le-royaume\/#breadcrumb\",\"itemListElement\":[{\"@type\":\"ListItem\",\"position\":1,\"name\":\"\u0627\u0644\u0631\u0626\u064a\u0633\u064a\u0629\",\"item\":\"https:\/\/www.mediaplateforme.com\/fr\/\"},{\"@type\":\"ListItem\",\"position\":2,\"name\":\"inwi, la marque marocaine la plus aim\u00e9e dans le Royaume\"}]},{\"@type\":\"WebSite\",\"@id\":\"https:\/\/www.mediaplateforme.com\/fr\/#website\",\"url\":\"https:\/\/www.mediaplateforme.com\/fr\/\",\"name\":\"MEDIA PLATEFORME | FR\",\"description\":\"Mediaplateforme sp\u00e9cialis\u00e9 dans la communication institutions publiques et des entreprises\",\"potentialAction\":[{\"@type\":\"SearchAction\",\"target\":{\"@type\":\"EntryPoint\",\"urlTemplate\":\"https:\/\/www.mediaplateforme.com\/fr\/?s={search_term_string}\"},\"query-input\":\"required name=search_term_string\"}],\"inLanguage\":\"fr-FR\"},{\"@type\":\"Person\",\"@id\":\"https:\/\/www.mediaplateforme.com\/fr\/#\/schema\/person\/89833db382b5db2c76b094bc902aa12a\",\"name\":\"Mediaplateforme\",\"image\":{\"@type\":\"ImageObject\",\"inLanguage\":\"fr-FR\",\"@id\":\"https:\/\/www.mediaplateforme.com\/fr\/#\/schema\/person\/image\/\",\"url\":\"https:\/\/secure.gravatar.com\/avatar\/6c9c02e8928cc65d54bf75157f7b3a2d06d7ad0494ca0951f679552ff03b34c1?s=96&d=mm&r=g\",\"contentUrl\":\"https:\/\/secure.gravatar.com\/avatar\/6c9c02e8928cc65d54bf75157f7b3a2d06d7ad0494ca0951f679552ff03b34c1?s=96&d=mm&r=g\",\"caption\":\"Mediaplateforme\"},\"sameAs\":[\"https:\/\/www.mediaplateforme.com\"],\"url\":\"https:\/\/www.mediaplateforme.com\/fr\/author\/mohamedladib\/\"}]}<\/script>\n<!-- \/ Yoast SEO plugin. -->","yoast_head_json":{"title":"inwi, la marque marocaine la plus aim\u00e9e dans le Royaume - MEDIA PLATEFORME | FR","description":"Grande cons\u00e9cration pour inwi ! L\u2019op\u00e9rateur global s\u2019est vu d\u00e9cerner le prix de \u00ab la marque marocaine la plus aim\u00e9e au Maroc \u00bb","robots":{"index":"index","follow":"follow","max-snippet":"max-snippet:-1","max-image-preview":"max-image-preview:large","max-video-preview":"max-video-preview:-1"},"canonical":"https:\/\/www.mediaplateforme.com\/fr\/inwi-la-marque-marocaine-la-plus-aimee-dans-le-royaume\/","og_locale":"fr_FR","og_type":"article","og_title":"inwi, la marque marocaine la plus aim\u00e9e dans le Royaume - MEDIA PLATEFORME | FR","og_description":"Grande cons\u00e9cration pour inwi ! L\u2019op\u00e9rateur global s\u2019est vu d\u00e9cerner le prix de \u00ab la marque marocaine la plus aim\u00e9e au Maroc \u00bb","og_url":"https:\/\/www.mediaplateforme.com\/fr\/inwi-la-marque-marocaine-la-plus-aimee-dans-le-royaume\/","og_site_name":"MEDIA PLATEFORME | FR","article_published_time":"2022-09-22T21:00:28+00:00","article_modified_time":"2022-09-23T08:36:52+00:00","og_image":[{"width":2560,"height":1440,"url":"https:\/\/www.mediaplateforme.com\/fr\/wp-content\/uploads\/sites\/5\/2022\/09\/inwi-la-marque-marocaine-la-plus-aime\u0301e-dans-le-Royaume-scaled.jpg","type":"image\/jpeg"}],"author":"Mediaplateforme","twitter_card":"summary_large_image","twitter_misc":{"\u00c9crit par":"Mediaplateforme","Dur\u00e9e de lecture estim\u00e9e":"2 minutes"},"schema":{"@context":"https:\/\/schema.org","@graph":[{"@type":"WebPage","@id":"https:\/\/www.mediaplateforme.com\/fr\/inwi-la-marque-marocaine-la-plus-aimee-dans-le-royaume\/","url":"https:\/\/www.mediaplateforme.com\/fr\/inwi-la-marque-marocaine-la-plus-aimee-dans-le-royaume\/","name":"inwi, la marque marocaine la plus aim\u00e9e dans le Royaume - MEDIA PLATEFORME | FR","isPartOf":{"@id":"https:\/\/www.mediaplateforme.com\/fr\/#website"},"datePublished":"2022-09-22T21:00:28+00:00","dateModified":"2022-09-23T08:36:52+00:00","author":{"@id":"https:\/\/www.mediaplateforme.com\/fr\/#\/schema\/person\/89833db382b5db2c76b094bc902aa12a"},"description":"Grande cons\u00e9cration pour inwi ! L\u2019op\u00e9rateur global s\u2019est vu d\u00e9cerner le prix de \u00ab la marque marocaine la plus aim\u00e9e au Maroc \u00bb","breadcrumb":{"@id":"https:\/\/www.mediaplateforme.com\/fr\/inwi-la-marque-marocaine-la-plus-aimee-dans-le-royaume\/#breadcrumb"},"inLanguage":"fr-FR","potentialAction":[{"@type":"ReadAction","target":["https:\/\/www.mediaplateforme.com\/fr\/inwi-la-marque-marocaine-la-plus-aimee-dans-le-royaume\/"]}]},{"@type":"BreadcrumbList","@id":"https:\/\/www.mediaplateforme.com\/fr\/inwi-la-marque-marocaine-la-plus-aimee-dans-le-royaume\/#breadcrumb","itemListElement":[{"@type":"ListItem","position":1,"name":"\u0627\u0644\u0631\u0626\u064a\u0633\u064a\u0629","item":"https:\/\/www.mediaplateforme.com\/fr\/"},{"@type":"ListItem","position":2,"name":"inwi, la marque marocaine la plus aim\u00e9e dans le Royaume"}]},{"@type":"WebSite","@id":"https:\/\/www.mediaplateforme.com\/fr\/#website","url":"https:\/\/www.mediaplateforme.com\/fr\/","name":"MEDIA PLATEFORME | FR","description":"Mediaplateforme sp\u00e9cialis\u00e9 dans la communication institutions publiques et des entreprises","potentialAction":[{"@type":"SearchAction","target":{"@type":"EntryPoint","urlTemplate":"https:\/\/www.mediaplateforme.com\/fr\/?s={search_term_string}"},"query-input":"required name=search_term_string"}],"inLanguage":"fr-FR"},{"@type":"Person","@id":"https:\/\/www.mediaplateforme.com\/fr\/#\/schema\/person\/89833db382b5db2c76b094bc902aa12a","name":"Mediaplateforme","image":{"@type":"ImageObject","inLanguage":"fr-FR","@id":"https:\/\/www.mediaplateforme.com\/fr\/#\/schema\/person\/image\/","url":"https:\/\/secure.gravatar.com\/avatar\/6c9c02e8928cc65d54bf75157f7b3a2d06d7ad0494ca0951f679552ff03b34c1?s=96&d=mm&r=g","contentUrl":"https:\/\/secure.gravatar.com\/avatar\/6c9c02e8928cc65d54bf75157f7b3a2d06d7ad0494ca0951f679552ff03b34c1?s=96&d=mm&r=g","caption":"Mediaplateforme"},"sameAs":["https:\/\/www.mediaplateforme.com"],"url":"https:\/\/www.mediaplateforme.com\/fr\/author\/mohamedladib\/"}]}},"_links":{"self":[{"href":"https:\/\/www.mediaplateforme.com\/fr\/wp-json\/wp\/v2\/posts\/1066","targetHints":{"allow":["GET"]}}],"collection":[{"href":"https:\/\/www.mediaplateforme.com\/fr\/wp-json\/wp\/v2\/posts"}],"about":[{"href":"https:\/\/www.mediaplateforme.com\/fr\/wp-json\/wp\/v2\/types\/post"}],"author":[{"embeddable":true,"href":"https:\/\/www.mediaplateforme.com\/fr\/wp-json\/wp\/v2\/users\/1"}],"replies":[{"embeddable":true,"href":"https:\/\/www.mediaplateforme.com\/fr\/wp-json\/wp\/v2\/comments?post=1066"}],"version-history":[{"count":3,"href":"https:\/\/www.mediaplateforme.com\/fr\/wp-json\/wp\/v2\/posts\/1066\/revisions"}],"predecessor-version":[{"id":1075,"href":"https:\/\/www.mediaplateforme.com\/fr\/wp-json\/wp\/v2\/posts\/1066\/revisions\/1075"}],"wp:featuredmedia":[{"embeddable":true,"href":"https:\/\/www.mediaplateforme.com\/fr\/wp-json\/wp\/v2\/media\/1067"}],"wp:attachment":[{"href":"https:\/\/www.mediaplateforme.com\/fr\/wp-json\/wp\/v2\/media?parent=1066"}],"wp:term":[{"taxonomy":"category","embeddable":true,"href":"https:\/\/www.mediaplateforme.com\/fr\/wp-json\/wp\/v2\/categories?post=1066"},{"taxonomy":"post_tag","embeddable":true,"href":"https:\/\/www.mediaplateforme.com\/fr\/wp-json\/wp\/v2\/tags?post=1066"}],"curies":[{"name":"wp","href":"https:\/\/api.w.org\/{rel}","templated":true}]}}