{"id":1012,"date":"2022-09-14T20:34:37","date_gmt":"2022-09-14T19:34:37","guid":{"rendered":"https:\/\/www.mediaplateforme.com\/fr\/?p=1012"},"modified":"2022-09-14T20:34:37","modified_gmt":"2022-09-14T19:34:37","slug":"la-6eme-edition-des-assises-de-lausim-au-diapason-du-nouveau-modele-de-developpement","status":"publish","type":"post","link":"https:\/\/www.mediaplateforme.com\/fr\/la-6eme-edition-des-assises-de-lausim-au-diapason-du-nouveau-modele-de-developpement\/","title":{"rendered":"La 6\u00e8me \u00e9dition des Assises de l\u2019AUSIM au diapason du Nouveau Mod\u00e8le de D\u00e9veloppement !"},"content":{"rendered":"<h3><strong><em>Tenue de la 6\u00e8me \u00e9dition des Assises de l\u2019AUSIM sous le th\u00e8me de \u00abDigital Nation, <\/em><\/strong><strong><em>Unleash the potential\u00bb.Hicham Chiguer, Pr\u00e9sident de l\u2019AUSIM appelle les forces vives \u00e0 se mobiliser pour soutenir l\u2019ambition du Maroc dans l\u2019\u00e9mergence d\u2019une digitale nation effective.<\/em><\/strong><\/h3>\n<p>&nbsp;<\/p>\n<p><strong>Sous le Haut Patronage de Sa Majest\u00e9 Le Roi Mohammed VI<\/strong>, l\u2019Association des Utilisateurs des Syst\u00e8mes d\u2019Information au Maroc organisera du 26 au 28 octobre prochain \u00e0 Marrakech, la 6<sup>\u00e8me<\/sup> \u00e9dition de ses Assises de l\u2019Ausim sous le th\u00e8me <strong>\u00ab Digital Nation, Unleash the potential \u00bb.<\/strong><\/p>\n<p>Le sujet trait\u00e9 dans le cadre de cette \u00e9dition, s\u2019av\u00e8re \u00eatre en parfaite harmonie avec les directives du Nouveau Mod\u00e8le de D\u00e9veloppement.<\/p>\n<p>Le dit rapport a mis en \u00e9vidence dans le volet num\u00e9rique la volont\u00e9 du Royaume de construire sa souverainet\u00e9 num\u00e9rique.<\/p>\n<p>Hicham Chiguer, Pr\u00e9sident de l\u2019AUSIM d\u00e9clare :<br \/>\n<em>\u00ab l\u2019enjeu de cette 6<sup>e<\/sup> \u00e9dition des Assises de l\u2019Ausim dans ce contexte de relance est de mettre en avant les avantages du \u00ab Digital \u00bb dans notre soci\u00e9t\u00e9.\u00a0 Il est aussi question au travers de cette synergie des forces de faire na\u00eetre une v\u00e9ritable conscience citoyenne en faveur du num\u00e9rique et ce, afin de faire de cette ambition de \u00ab\u00a0digital nation\u00a0\u00bb une r\u00e9alit\u00e9 au Maroc. Alors \u00e9tant l\u2019un des rendez-vous majeurs du monde du num\u00e9rique \u00e0 l&rsquo;\u00e9chelle nationale, et sans oublier son aura aupr\u00e8s de l\u2019\u00e9cosyst\u00e8me num\u00e9rique international, cette nouvelle \u00e9dition des Assises de l\u2019Ausim ne pouvait ne pas aborder ce sujet de grande r\u00e9sonance au sein de l\u2019appareil \u00e9tatique \u00bb.<\/em><\/p>\n<p>Et d\u2019ajouter : <em>\u00ab Le rapport sur le Nouveau Mod\u00e8le de D\u00e9veloppement pilot\u00e9 par l\u2019\u00e9quipe Benmoussa avait mis en \u00e9vidence dans le volet num\u00e9rique la volont\u00e9 du Maroc de construire sa souverainet\u00e9 num\u00e9rique. Cette vision strat\u00e9gique de gouvernance suppose cependant la mise en place de pr\u00e9requis et parmi ceux-ci, la transition <\/em><em>vers une \u00ab\u00a0digital nation\u00a0\u00bb effective est un pr\u00e9alable incontournable. En effet, les actions du Maroc ces dix derni\u00e8res ann\u00e9es attestent avec \u00e9loquence l\u2019id\u00e9e selon laquelle le Royaume dispose des atouts n\u00e9cessaires pour entamer cette r\u00e9volution \u00bb.<\/em><\/p>\n<p>Etant \u00e0 quelques semaines de la grand-messe du num\u00e9rique, le Pr\u00e9sident de l\u2019Ausim lance un v\u00e9ritable plaidoyer pour la mobilisation de l\u2019intelligentsia de l\u2019\u00e9cosyst\u00e8me afin de cr\u00e9er une v\u00e9ritable <em>\u00ab conscience citoyenne en faveur du digital \u00bb. \u00ab Cette nation digitale tant esp\u00e9r\u00e9e nous concerne tous. Sa construction passe par la mobilisation des acteurs qui sont le plus directement concern\u00e9s, en l\u2019occurrence ceux de l\u2019\u00e9cosyst\u00e8me num\u00e9rique. Cette rencontre est une occasion pour mener la r\u00e9flexion autour de ce sujet et au-del\u00e0 des concepts faire \u00e9merger une feuille de route pour l\u2019\u00e9closion d\u2019une v\u00e9ritable nation digitale marocaine \u00bb,<\/em> ajoute Hicham Chiguer.<\/p>\n<p>Pour rappel, les Assises de l\u2019AUSIM ont \u00e9t\u00e9 initi\u00e9es en 2012. Aujourd\u2019hui, cette grand-messe des DSI et des dirigeants du Digital se veut \u00eatre l\u2019espace international pour adresser les grands sujets qui font l\u2019actualit\u00e9 au sein du monde num\u00e9rique. Se d\u00e9roulant sur trois jours, cette \u00e9dition sera particuli\u00e8rement innovante \u00e0 plusieurs titres, avec un programme scientifique tr\u00e8s riche ainsi qu\u2019une panoplie d\u2019experts prestigieux. Elle promet aussi, une nouvelle dynamique \u00e0 travers plusieurs side events et un nouveau format et surtout un rayonnement africain et international, avec la pr\u00e9sence de speakers de renomm\u00e9e mondiale.<\/p>\n<p>&nbsp;<\/p>\n<h4><strong>A propos de l\u2019AUSIM<\/strong><\/h4>\n<p>Cr\u00e9\u00e9e en 1993, l\u2019Association compte pr\u00e8s de 100 membres dont des structures de premier utilisateurs des Syst\u00e8mes d\u2019Information (SI).<\/p>\n<p>Le nouveau bureau de l\u2019AUSIM \u00e9lu en mars dernier porte une nouvelle vision pour<br \/>\n2022-2024, port\u00e9e par la nouvelle strat\u00e9gie \u00ab IMPACT \u00bb articul\u00e9e sur quatre axes :<\/p>\n<ul>\n<li><strong>IMPACT BY DIGITAL :<\/strong> Dynamiser la transformation de l\u2019entreprise et de l\u2019administration publique par le digital<\/li>\n<li><strong>IMPACT ON PEOPLE :<\/strong> Transformer le mindest pour innover<\/li>\n<li><strong>IMPACT IN THE COMMUNITY :<\/strong> Animer la communaut\u00e9 AUSIM et plus largement les utilisateurs du Digital et des Technologies de l\u2019information<\/li>\n<li><strong>IMPACT ON SUSTAINABLE DEVELOPMENT :<\/strong> Sensibiliser autour des leviers de d\u00e9veloppement durable ayant un impact social, \u00e9conomique et Environnemental.<\/li>\n<\/ul>\n<p><strong>\u00a0<\/strong><\/p>\n","protected":false},"excerpt":{"rendered":"<p>Tenue de la 6\u00e8me \u00e9dition des Assises de l\u2019AUSIM sous le th\u00e8me de \u00abDigital Nation,<\/p>\n","protected":false},"author":1,"featured_media":1013,"comment_status":"open","ping_status":"open","sticky":false,"template":"","format":"standard","meta":{"_acf_changed":false,"footnotes":""},"categories":[5,3],"tags":[367],"class_list":["post-1012","post","type-post","status-publish","format-standard","has-post-thumbnail","hentry","category-tech","category-nouvelles-selectionnees","tag-lausim"],"acf":[],"yoast_head":"<!-- This site is optimized with the Yoast SEO plugin v22.0 - https:\/\/yoast.com\/wordpress\/plugins\/seo\/ -->\n<title>La 6\u00e8me \u00e9dition des Assises de l\u2019AUSIM au diapason du Nouveau Mod\u00e8le de D\u00e9veloppement ! - MEDIA PLATEFORME | FR<\/title>\n<meta name=\"description\" content=\"Sous le Haut Patronage de Sa Majest\u00e9 Le Roi Mohammed VI,l\u2019AUSIM organisera la 6\u00e8me \u00e9dition de ses Assises de l\u2019AUSIM\" \/>\n<meta name=\"robots\" content=\"index, follow, max-snippet:-1, max-image-preview:large, max-video-preview:-1\" \/>\n<link rel=\"canonical\" href=\"https:\/\/www.mediaplateforme.com\/fr\/la-6eme-edition-des-assises-de-lausim-au-diapason-du-nouveau-modele-de-developpement\/\" \/>\n<meta property=\"og:locale\" content=\"fr_FR\" \/>\n<meta property=\"og:type\" content=\"article\" \/>\n<meta property=\"og:title\" content=\"La 6\u00e8me \u00e9dition des Assises de l\u2019AUSIM au diapason du Nouveau Mod\u00e8le de D\u00e9veloppement ! - MEDIA PLATEFORME | FR\" \/>\n<meta property=\"og:description\" content=\"Sous le Haut Patronage de Sa Majest\u00e9 Le Roi Mohammed VI,l\u2019AUSIM organisera la 6\u00e8me \u00e9dition de ses Assises de l\u2019AUSIM\" \/>\n<meta property=\"og:url\" content=\"https:\/\/www.mediaplateforme.com\/fr\/la-6eme-edition-des-assises-de-lausim-au-diapason-du-nouveau-modele-de-developpement\/\" \/>\n<meta property=\"og:site_name\" content=\"MEDIA PLATEFORME | FR\" \/>\n<meta property=\"article:published_time\" content=\"2022-09-14T19:34:37+00:00\" \/>\n<meta property=\"og:image\" content=\"https:\/\/www.mediaplateforme.com\/fr\/wp-content\/uploads\/sites\/5\/2022\/09\/visuel.jpg\" \/>\n\t<meta property=\"og:image:width\" content=\"1280\" \/>\n\t<meta property=\"og:image:height\" content=\"960\" \/>\n\t<meta property=\"og:image:type\" content=\"image\/jpeg\" \/>\n<meta name=\"author\" content=\"Mediaplateforme\" \/>\n<meta name=\"twitter:card\" content=\"summary_large_image\" \/>\n<meta name=\"twitter:label1\" content=\"\u00c9crit par\" \/>\n\t<meta name=\"twitter:data1\" content=\"Mediaplateforme\" \/>\n\t<meta name=\"twitter:label2\" content=\"Dur\u00e9e de lecture estim\u00e9e\" \/>\n\t<meta name=\"twitter:data2\" content=\"4 minutes\" \/>\n<script type=\"application\/ld+json\" class=\"yoast-schema-graph\">{\"@context\":\"https:\/\/schema.org\",\"@graph\":[{\"@type\":\"WebPage\",\"@id\":\"https:\/\/www.mediaplateforme.com\/fr\/la-6eme-edition-des-assises-de-lausim-au-diapason-du-nouveau-modele-de-developpement\/\",\"url\":\"https:\/\/www.mediaplateforme.com\/fr\/la-6eme-edition-des-assises-de-lausim-au-diapason-du-nouveau-modele-de-developpement\/\",\"name\":\"La 6\u00e8me \u00e9dition des Assises de l\u2019AUSIM au diapason du Nouveau Mod\u00e8le de D\u00e9veloppement ! - MEDIA PLATEFORME | FR\",\"isPartOf\":{\"@id\":\"https:\/\/www.mediaplateforme.com\/fr\/#website\"},\"datePublished\":\"2022-09-14T19:34:37+00:00\",\"dateModified\":\"2022-09-14T19:34:37+00:00\",\"author\":{\"@id\":\"https:\/\/www.mediaplateforme.com\/fr\/#\/schema\/person\/89833db382b5db2c76b094bc902aa12a\"},\"description\":\"Sous le Haut Patronage de Sa Majest\u00e9 Le Roi Mohammed VI,l\u2019AUSIM organisera la 6\u00e8me \u00e9dition de ses Assises de l\u2019AUSIM\",\"breadcrumb\":{\"@id\":\"https:\/\/www.mediaplateforme.com\/fr\/la-6eme-edition-des-assises-de-lausim-au-diapason-du-nouveau-modele-de-developpement\/#breadcrumb\"},\"inLanguage\":\"fr-FR\",\"potentialAction\":[{\"@type\":\"ReadAction\",\"target\":[\"https:\/\/www.mediaplateforme.com\/fr\/la-6eme-edition-des-assises-de-lausim-au-diapason-du-nouveau-modele-de-developpement\/\"]}]},{\"@type\":\"BreadcrumbList\",\"@id\":\"https:\/\/www.mediaplateforme.com\/fr\/la-6eme-edition-des-assises-de-lausim-au-diapason-du-nouveau-modele-de-developpement\/#breadcrumb\",\"itemListElement\":[{\"@type\":\"ListItem\",\"position\":1,\"name\":\"\u0627\u0644\u0631\u0626\u064a\u0633\u064a\u0629\",\"item\":\"https:\/\/www.mediaplateforme.com\/fr\/\"},{\"@type\":\"ListItem\",\"position\":2,\"name\":\"La 6\u00e8me \u00e9dition des Assises de l\u2019AUSIM au diapason du Nouveau Mod\u00e8le de D\u00e9veloppement !\"}]},{\"@type\":\"WebSite\",\"@id\":\"https:\/\/www.mediaplateforme.com\/fr\/#website\",\"url\":\"https:\/\/www.mediaplateforme.com\/fr\/\",\"name\":\"MEDIA PLATEFORME | FR\",\"description\":\"Mediaplateforme sp\u00e9cialis\u00e9 dans la communication institutions publiques et des entreprises\",\"potentialAction\":[{\"@type\":\"SearchAction\",\"target\":{\"@type\":\"EntryPoint\",\"urlTemplate\":\"https:\/\/www.mediaplateforme.com\/fr\/?s={search_term_string}\"},\"query-input\":\"required name=search_term_string\"}],\"inLanguage\":\"fr-FR\"},{\"@type\":\"Person\",\"@id\":\"https:\/\/www.mediaplateforme.com\/fr\/#\/schema\/person\/89833db382b5db2c76b094bc902aa12a\",\"name\":\"Mediaplateforme\",\"image\":{\"@type\":\"ImageObject\",\"inLanguage\":\"fr-FR\",\"@id\":\"https:\/\/www.mediaplateforme.com\/fr\/#\/schema\/person\/image\/\",\"url\":\"https:\/\/secure.gravatar.com\/avatar\/6c9c02e8928cc65d54bf75157f7b3a2d06d7ad0494ca0951f679552ff03b34c1?s=96&d=mm&r=g\",\"contentUrl\":\"https:\/\/secure.gravatar.com\/avatar\/6c9c02e8928cc65d54bf75157f7b3a2d06d7ad0494ca0951f679552ff03b34c1?s=96&d=mm&r=g\",\"caption\":\"Mediaplateforme\"},\"sameAs\":[\"https:\/\/www.mediaplateforme.com\"],\"url\":\"https:\/\/www.mediaplateforme.com\/fr\/author\/mohamedladib\/\"}]}<\/script>\n<!-- \/ Yoast SEO plugin. -->","yoast_head_json":{"title":"La 6\u00e8me \u00e9dition des Assises de l\u2019AUSIM au diapason du Nouveau Mod\u00e8le de D\u00e9veloppement ! - MEDIA PLATEFORME | FR","description":"Sous le Haut Patronage de Sa Majest\u00e9 Le Roi Mohammed VI,l\u2019AUSIM organisera la 6\u00e8me \u00e9dition de ses Assises de l\u2019AUSIM","robots":{"index":"index","follow":"follow","max-snippet":"max-snippet:-1","max-image-preview":"max-image-preview:large","max-video-preview":"max-video-preview:-1"},"canonical":"https:\/\/www.mediaplateforme.com\/fr\/la-6eme-edition-des-assises-de-lausim-au-diapason-du-nouveau-modele-de-developpement\/","og_locale":"fr_FR","og_type":"article","og_title":"La 6\u00e8me \u00e9dition des Assises de l\u2019AUSIM au diapason du Nouveau Mod\u00e8le de D\u00e9veloppement ! - MEDIA PLATEFORME | FR","og_description":"Sous le Haut Patronage de Sa Majest\u00e9 Le Roi Mohammed VI,l\u2019AUSIM organisera la 6\u00e8me \u00e9dition de ses Assises de l\u2019AUSIM","og_url":"https:\/\/www.mediaplateforme.com\/fr\/la-6eme-edition-des-assises-de-lausim-au-diapason-du-nouveau-modele-de-developpement\/","og_site_name":"MEDIA PLATEFORME | FR","article_published_time":"2022-09-14T19:34:37+00:00","og_image":[{"width":1280,"height":960,"url":"https:\/\/www.mediaplateforme.com\/fr\/wp-content\/uploads\/sites\/5\/2022\/09\/visuel.jpg","type":"image\/jpeg"}],"author":"Mediaplateforme","twitter_card":"summary_large_image","twitter_misc":{"\u00c9crit par":"Mediaplateforme","Dur\u00e9e de lecture estim\u00e9e":"4 minutes"},"schema":{"@context":"https:\/\/schema.org","@graph":[{"@type":"WebPage","@id":"https:\/\/www.mediaplateforme.com\/fr\/la-6eme-edition-des-assises-de-lausim-au-diapason-du-nouveau-modele-de-developpement\/","url":"https:\/\/www.mediaplateforme.com\/fr\/la-6eme-edition-des-assises-de-lausim-au-diapason-du-nouveau-modele-de-developpement\/","name":"La 6\u00e8me \u00e9dition des Assises de l\u2019AUSIM au diapason du Nouveau Mod\u00e8le de D\u00e9veloppement ! - MEDIA PLATEFORME | FR","isPartOf":{"@id":"https:\/\/www.mediaplateforme.com\/fr\/#website"},"datePublished":"2022-09-14T19:34:37+00:00","dateModified":"2022-09-14T19:34:37+00:00","author":{"@id":"https:\/\/www.mediaplateforme.com\/fr\/#\/schema\/person\/89833db382b5db2c76b094bc902aa12a"},"description":"Sous le Haut Patronage de Sa Majest\u00e9 Le Roi Mohammed VI,l\u2019AUSIM organisera la 6\u00e8me \u00e9dition de ses Assises de l\u2019AUSIM","breadcrumb":{"@id":"https:\/\/www.mediaplateforme.com\/fr\/la-6eme-edition-des-assises-de-lausim-au-diapason-du-nouveau-modele-de-developpement\/#breadcrumb"},"inLanguage":"fr-FR","potentialAction":[{"@type":"ReadAction","target":["https:\/\/www.mediaplateforme.com\/fr\/la-6eme-edition-des-assises-de-lausim-au-diapason-du-nouveau-modele-de-developpement\/"]}]},{"@type":"BreadcrumbList","@id":"https:\/\/www.mediaplateforme.com\/fr\/la-6eme-edition-des-assises-de-lausim-au-diapason-du-nouveau-modele-de-developpement\/#breadcrumb","itemListElement":[{"@type":"ListItem","position":1,"name":"\u0627\u0644\u0631\u0626\u064a\u0633\u064a\u0629","item":"https:\/\/www.mediaplateforme.com\/fr\/"},{"@type":"ListItem","position":2,"name":"La 6\u00e8me \u00e9dition des Assises de l\u2019AUSIM au diapason du Nouveau Mod\u00e8le de D\u00e9veloppement !"}]},{"@type":"WebSite","@id":"https:\/\/www.mediaplateforme.com\/fr\/#website","url":"https:\/\/www.mediaplateforme.com\/fr\/","name":"MEDIA PLATEFORME | FR","description":"Mediaplateforme sp\u00e9cialis\u00e9 dans la communication institutions publiques et des entreprises","potentialAction":[{"@type":"SearchAction","target":{"@type":"EntryPoint","urlTemplate":"https:\/\/www.mediaplateforme.com\/fr\/?s={search_term_string}"},"query-input":"required name=search_term_string"}],"inLanguage":"fr-FR"},{"@type":"Person","@id":"https:\/\/www.mediaplateforme.com\/fr\/#\/schema\/person\/89833db382b5db2c76b094bc902aa12a","name":"Mediaplateforme","image":{"@type":"ImageObject","inLanguage":"fr-FR","@id":"https:\/\/www.mediaplateforme.com\/fr\/#\/schema\/person\/image\/","url":"https:\/\/secure.gravatar.com\/avatar\/6c9c02e8928cc65d54bf75157f7b3a2d06d7ad0494ca0951f679552ff03b34c1?s=96&d=mm&r=g","contentUrl":"https:\/\/secure.gravatar.com\/avatar\/6c9c02e8928cc65d54bf75157f7b3a2d06d7ad0494ca0951f679552ff03b34c1?s=96&d=mm&r=g","caption":"Mediaplateforme"},"sameAs":["https:\/\/www.mediaplateforme.com"],"url":"https:\/\/www.mediaplateforme.com\/fr\/author\/mohamedladib\/"}]}},"_links":{"self":[{"href":"https:\/\/www.mediaplateforme.com\/fr\/wp-json\/wp\/v2\/posts\/1012","targetHints":{"allow":["GET"]}}],"collection":[{"href":"https:\/\/www.mediaplateforme.com\/fr\/wp-json\/wp\/v2\/posts"}],"about":[{"href":"https:\/\/www.mediaplateforme.com\/fr\/wp-json\/wp\/v2\/types\/post"}],"author":[{"embeddable":true,"href":"https:\/\/www.mediaplateforme.com\/fr\/wp-json\/wp\/v2\/users\/1"}],"replies":[{"embeddable":true,"href":"https:\/\/www.mediaplateforme.com\/fr\/wp-json\/wp\/v2\/comments?post=1012"}],"version-history":[{"count":1,"href":"https:\/\/www.mediaplateforme.com\/fr\/wp-json\/wp\/v2\/posts\/1012\/revisions"}],"predecessor-version":[{"id":1014,"href":"https:\/\/www.mediaplateforme.com\/fr\/wp-json\/wp\/v2\/posts\/1012\/revisions\/1014"}],"wp:featuredmedia":[{"embeddable":true,"href":"https:\/\/www.mediaplateforme.com\/fr\/wp-json\/wp\/v2\/media\/1013"}],"wp:attachment":[{"href":"https:\/\/www.mediaplateforme.com\/fr\/wp-json\/wp\/v2\/media?parent=1012"}],"wp:term":[{"taxonomy":"category","embeddable":true,"href":"https:\/\/www.mediaplateforme.com\/fr\/wp-json\/wp\/v2\/categories?post=1012"},{"taxonomy":"post_tag","embeddable":true,"href":"https:\/\/www.mediaplateforme.com\/fr\/wp-json\/wp\/v2\/tags?post=1012"}],"curies":[{"name":"wp","href":"https:\/\/api.w.org\/{rel}","templated":true}]}}