{"id":1008,"date":"2022-09-14T20:25:55","date_gmt":"2022-09-14T19:25:55","guid":{"rendered":"https:\/\/www.mediaplateforme.com\/fr\/?p=1008"},"modified":"2022-09-14T20:27:01","modified_gmt":"2022-09-14T19:27:01","slug":"inauguration-du-nouveau-site-de-special-acier-et-traitements-thermiques-a-la-zone-dacceleration-industrielle-de-kenitra","status":"publish","type":"post","link":"https:\/\/www.mediaplateforme.com\/fr\/inauguration-du-nouveau-site-de-special-acier-et-traitements-thermiques-a-la-zone-dacceleration-industrielle-de-kenitra\/","title":{"rendered":"Inauguration du nouveau site de Sp\u00e9cial Acier et Traitements Thermiques \u00e0 la zone d\u2019acc\u00e9l\u00e9ration industrielle de K\u00e9nitra"},"content":{"rendered":"<p>La soci\u00e9t\u00e9 marocaine Sp\u00e9cial Acier et Traitements Thermiques (SATT) a c\u00e9l\u00e9br\u00e9 l\u2019inauguration de son nouveau site install\u00e9 dans la zone d\u2019acc\u00e9l\u00e9ration industrielle de K\u00e9nitra, lors d\u2019une c\u00e9r\u00e9monie organis\u00e9e le 14 septembre 2022, sous la pr\u00e9sidence du Ministre de l\u2019Industrie et du Commerce, M. <a href=\"https:\/\/www.mediaplateforme.com\/fr\/innovation-industrielle-signature-dune-convention-de-partenariat-pour-laccompagnement-des-tpme-dans-la-realisation-de-projets-a-forte-valeur-ajoutee\/\">Ryad Mezzour<\/a>.<\/p>\n<p>D\u2019un montant d\u2019investissement de 21millions de dirhams, cette nouvelle usine, d\u2019une superficie de 2200m\u00b2 et dot\u00e9e d\u2019\u00e9quipements de derni\u00e8re g\u00e9n\u00e9ration, aura pour principale activit\u00e9 le traitement thermique des pi\u00e8ces a\u00e9ronautiques, automobiles et m\u00e9caniques. Il s\u2019agit d\u2019un proc\u00e9d\u00e9 m\u00e9tallurgique qui permet de transformer la structure cristallographique de ces pi\u00e8ces et d\u2019augmenter, ainsi, consid\u00e9rablement leur dur\u00e9e de vie et leur r\u00e9sistance aux diff\u00e9rentes contraintes m\u00e9caniques.<\/p>\n<p>\u00ab\u00a0C\u2019est un projet pionnier port\u00e9 par une soci\u00e9t\u00e9 marocaine. Son activit\u00e9 \u00e0 haute valeur ajout\u00e9e apporte un maillon fort et essentiel dans la production et la maintenance des pi\u00e8ces dans les secteurs phares de l\u2019industrie marocaine et contribue au d\u00e9veloppement de la fili\u00e8re \u2018a\u00e9ro-moteur\u2019 que le Royaume ambitionne de dynamiser. Le tissu industriel local gagne en expertise en int\u00e9grant ces nouveaux m\u00e9tiers en ad\u00e9quation avec les priorit\u00e9s strat\u00e9giques nationales de d\u00e9velopper en profondeur les \u00e9cosyst\u00e8mes\u00a0a\u00e9ronautiques et automobiles \u00bb, a d\u00e9clar\u00e9, M. Mezzour. Et de souligner : \u00ab\u00a0La plateforme industrielle du Royaume fait, de nouveau, un bond en avant gr\u00e2ce aux comp\u00e9tences et aux techniques complexes qui s\u2019y d\u00e9veloppent. Comme nous avons soutenu ce projet, dans le cadre de l\u2019\u00e9cosyst\u00e8me \u2018assemblage\u2019, nous continuerons \u00e0 accompagner toute initiative locale novatrice \u00e0 m\u00eame de contribuer au renforcement de la chaine de valeur de l\u2019industrie marocaine\u00a0\u00bb.<\/p>\n<p>Equip\u00e9 de fours dot\u00e9s des technologies les plus avanc\u00e9es, ce site assurera la r\u00e9alisation des traitements thermiques suivants :<\/p>\n<p>&#8211; La trempe sous haut vide visant \u00e0 renforcer les caract\u00e9ristiques m\u00e9caniques des pi\u00e8ces afin qu\u2019elles soient r\u00e9sistantes \u00e0 la traction, \u00e0 la rupture, \u00e0 l\u2019usure et \u00e0 la fatigue. Ce type de traitement est r\u00e9alis\u00e9 gr\u00e2ce \u00e0 un four vertical conforme \u00e0 la norme a\u00e9ronautique AMS 2750F trempant jusqu\u2019\u00e0 10 bars de pression et pouvant chauffer jusqu\u2019\u00e0 1200\u00b0c.<\/p>\n<p>&#8211; la nitruration et la nitrocarburation qui permettent une r\u00e9sistance \u00e0 l\u2019usure gr\u00e2ce \u00e0 la diminution du coefficient de frottement entre les composantes mobiles, une r\u00e9sistance \u00e0 la compression et \u00e0 la corrosion, ainsi que la pr\u00e9servation de l\u2019aspect esth\u00e9tique. Ces traitements sont r\u00e9alis\u00e9s \u00e0 l\u2019aide d\u2019un four de nitruration gazeuse conforme \u00e0 la norme a\u00e9ronautique AMS 2750F.<\/p>\n<p>&#8211; La c\u00e9mentation basse pression et carbonitruration qui apportent une r\u00e9sistance aux chocs, \u00e0 l\u2019usure abrasive, ainsi qu\u2019une r\u00e9sistance m\u00e9canique en surface.<\/p>\n<p>&nbsp;<\/p>\n<p>En introduisant au Maroc des techniques de pointe et des comp\u00e9tences de haut niveau, SATT a pour ambition de contribuer \u00e0 concr\u00e9tiser la volont\u00e9 des soci\u00e9t\u00e9s a\u00e9ronautiques et automobiles implant\u00e9es dans le Royaume d\u2019int\u00e9grer les nouvelles exigences m\u00e9tallurgiques.<\/p>\n<p>Par ailleurs, la soci\u00e9t\u00e9 pr\u00e9voit une extension et compte augmenter sa capacit\u00e9 de traitement par l\u2019acquisition de nouveaux fours, tr\u00e8s prochainement.<\/p>\n<p>SATT s\u2019appuie sur l\u2019expertise de plus de 30 ans de sa soci\u00e9t\u00e9 m\u00e8re Marocaine de Traitements M\u00e9tallurgiques (FMTM), certifi\u00e9e EN9100 et ayant obtenu la qualification du motoriste a\u00e9ronautique <em>Safran Aircraft Engine<\/em> et est en passe d\u2019obtenir les qualifications <em>Nadcap <\/em>et<em> Pratt &amp; Whitney<\/em>.<\/p>\n<p>Poursuivant sur cette lanc\u00e9e, SATT compte obtenir, \u00e9galement, ces qualifications en 2023 en se pliant aux m\u00eames exigences a\u00e9ronautiques.<\/p>\n","protected":false},"excerpt":{"rendered":"<p>La soci\u00e9t\u00e9 marocaine Sp\u00e9cial Acier et Traitements Thermiques (SATT) a c\u00e9l\u00e9br\u00e9 l\u2019inauguration de son nouveau<\/p>\n","protected":false},"author":1,"featured_media":1009,"comment_status":"open","ping_status":"open","sticky":false,"template":"","format":"standard","meta":{"_acf_changed":false,"footnotes":""},"categories":[4,3],"tags":[366],"class_list":["post-1008","post","type-post","status-publish","format-standard","has-post-thumbnail","hentry","category-economie","category-nouvelles-selectionnees","tag-acier"],"acf":[],"yoast_head":"<!-- This site is optimized with the Yoast SEO plugin v22.0 - https:\/\/yoast.com\/wordpress\/plugins\/seo\/ -->\n<title>Inauguration du nouveau site de Sp\u00e9cial Acier et Traitements Thermiques \u00e0 la zone d\u2019acc\u00e9l\u00e9ration industrielle de K\u00e9nitra - MEDIA PLATEFORME | FR<\/title>\n<meta name=\"description\" content=\". La soci\u00e9t\u00e9 marocaine Sp\u00e9cial Acier et Traitements Thermiques (SATT) a c\u00e9l\u00e9br\u00e9 l\u2019inauguration de son nouveau site install\u00e9\" \/>\n<meta name=\"robots\" content=\"index, follow, max-snippet:-1, max-image-preview:large, max-video-preview:-1\" \/>\n<link rel=\"canonical\" href=\"https:\/\/www.mediaplateforme.com\/fr\/inauguration-du-nouveau-site-de-special-acier-et-traitements-thermiques-a-la-zone-dacceleration-industrielle-de-kenitra\/\" \/>\n<meta property=\"og:locale\" content=\"fr_FR\" \/>\n<meta property=\"og:type\" content=\"article\" \/>\n<meta property=\"og:title\" content=\"Inauguration du nouveau site de Sp\u00e9cial Acier et Traitements Thermiques \u00e0 la zone d\u2019acc\u00e9l\u00e9ration industrielle de K\u00e9nitra - MEDIA PLATEFORME | FR\" \/>\n<meta property=\"og:description\" content=\". La soci\u00e9t\u00e9 marocaine Sp\u00e9cial Acier et Traitements Thermiques (SATT) a c\u00e9l\u00e9br\u00e9 l\u2019inauguration de son nouveau site install\u00e9\" \/>\n<meta property=\"og:url\" content=\"https:\/\/www.mediaplateforme.com\/fr\/inauguration-du-nouveau-site-de-special-acier-et-traitements-thermiques-a-la-zone-dacceleration-industrielle-de-kenitra\/\" \/>\n<meta property=\"og:site_name\" content=\"MEDIA PLATEFORME | FR\" \/>\n<meta property=\"article:published_time\" content=\"2022-09-14T19:25:55+00:00\" \/>\n<meta property=\"article:modified_time\" content=\"2022-09-14T19:27:01+00:00\" \/>\n<meta property=\"og:image\" content=\"https:\/\/www.mediaplateforme.com\/fr\/wp-content\/uploads\/sites\/5\/2022\/09\/DSCF5419-scaled.jpg\" \/>\n\t<meta property=\"og:image:width\" content=\"2560\" \/>\n\t<meta property=\"og:image:height\" content=\"1707\" \/>\n\t<meta property=\"og:image:type\" content=\"image\/jpeg\" \/>\n<meta name=\"author\" content=\"Mediaplateforme\" \/>\n<meta name=\"twitter:card\" content=\"summary_large_image\" \/>\n<meta name=\"twitter:label1\" content=\"\u00c9crit par\" \/>\n\t<meta name=\"twitter:data1\" content=\"Mediaplateforme\" \/>\n\t<meta name=\"twitter:label2\" content=\"Dur\u00e9e de lecture estim\u00e9e\" \/>\n\t<meta name=\"twitter:data2\" content=\"3 minutes\" \/>\n<script type=\"application\/ld+json\" class=\"yoast-schema-graph\">{\"@context\":\"https:\/\/schema.org\",\"@graph\":[{\"@type\":\"WebPage\",\"@id\":\"https:\/\/www.mediaplateforme.com\/fr\/inauguration-du-nouveau-site-de-special-acier-et-traitements-thermiques-a-la-zone-dacceleration-industrielle-de-kenitra\/\",\"url\":\"https:\/\/www.mediaplateforme.com\/fr\/inauguration-du-nouveau-site-de-special-acier-et-traitements-thermiques-a-la-zone-dacceleration-industrielle-de-kenitra\/\",\"name\":\"Inauguration du nouveau site de Sp\u00e9cial Acier et Traitements Thermiques \u00e0 la zone d\u2019acc\u00e9l\u00e9ration industrielle de K\u00e9nitra - MEDIA PLATEFORME | FR\",\"isPartOf\":{\"@id\":\"https:\/\/www.mediaplateforme.com\/fr\/#website\"},\"datePublished\":\"2022-09-14T19:25:55+00:00\",\"dateModified\":\"2022-09-14T19:27:01+00:00\",\"author\":{\"@id\":\"https:\/\/www.mediaplateforme.com\/fr\/#\/schema\/person\/89833db382b5db2c76b094bc902aa12a\"},\"description\":\". La soci\u00e9t\u00e9 marocaine Sp\u00e9cial Acier et Traitements Thermiques (SATT) a c\u00e9l\u00e9br\u00e9 l\u2019inauguration de son nouveau site install\u00e9\",\"breadcrumb\":{\"@id\":\"https:\/\/www.mediaplateforme.com\/fr\/inauguration-du-nouveau-site-de-special-acier-et-traitements-thermiques-a-la-zone-dacceleration-industrielle-de-kenitra\/#breadcrumb\"},\"inLanguage\":\"fr-FR\",\"potentialAction\":[{\"@type\":\"ReadAction\",\"target\":[\"https:\/\/www.mediaplateforme.com\/fr\/inauguration-du-nouveau-site-de-special-acier-et-traitements-thermiques-a-la-zone-dacceleration-industrielle-de-kenitra\/\"]}]},{\"@type\":\"BreadcrumbList\",\"@id\":\"https:\/\/www.mediaplateforme.com\/fr\/inauguration-du-nouveau-site-de-special-acier-et-traitements-thermiques-a-la-zone-dacceleration-industrielle-de-kenitra\/#breadcrumb\",\"itemListElement\":[{\"@type\":\"ListItem\",\"position\":1,\"name\":\"\u0627\u0644\u0631\u0626\u064a\u0633\u064a\u0629\",\"item\":\"https:\/\/www.mediaplateforme.com\/fr\/\"},{\"@type\":\"ListItem\",\"position\":2,\"name\":\"Inauguration du nouveau site de Sp\u00e9cial Acier et Traitements Thermiques \u00e0 la zone d\u2019acc\u00e9l\u00e9ration industrielle de K\u00e9nitra\"}]},{\"@type\":\"WebSite\",\"@id\":\"https:\/\/www.mediaplateforme.com\/fr\/#website\",\"url\":\"https:\/\/www.mediaplateforme.com\/fr\/\",\"name\":\"MEDIA PLATEFORME | FR\",\"description\":\"Mediaplateforme sp\u00e9cialis\u00e9 dans la communication institutions publiques et des entreprises\",\"potentialAction\":[{\"@type\":\"SearchAction\",\"target\":{\"@type\":\"EntryPoint\",\"urlTemplate\":\"https:\/\/www.mediaplateforme.com\/fr\/?s={search_term_string}\"},\"query-input\":\"required name=search_term_string\"}],\"inLanguage\":\"fr-FR\"},{\"@type\":\"Person\",\"@id\":\"https:\/\/www.mediaplateforme.com\/fr\/#\/schema\/person\/89833db382b5db2c76b094bc902aa12a\",\"name\":\"Mediaplateforme\",\"image\":{\"@type\":\"ImageObject\",\"inLanguage\":\"fr-FR\",\"@id\":\"https:\/\/www.mediaplateforme.com\/fr\/#\/schema\/person\/image\/\",\"url\":\"https:\/\/secure.gravatar.com\/avatar\/6c9c02e8928cc65d54bf75157f7b3a2d06d7ad0494ca0951f679552ff03b34c1?s=96&d=mm&r=g\",\"contentUrl\":\"https:\/\/secure.gravatar.com\/avatar\/6c9c02e8928cc65d54bf75157f7b3a2d06d7ad0494ca0951f679552ff03b34c1?s=96&d=mm&r=g\",\"caption\":\"Mediaplateforme\"},\"sameAs\":[\"https:\/\/www.mediaplateforme.com\"],\"url\":\"https:\/\/www.mediaplateforme.com\/fr\/author\/mohamedladib\/\"}]}<\/script>\n<!-- \/ Yoast SEO plugin. -->","yoast_head_json":{"title":"Inauguration du nouveau site de Sp\u00e9cial Acier et Traitements Thermiques \u00e0 la zone d\u2019acc\u00e9l\u00e9ration industrielle de K\u00e9nitra - MEDIA PLATEFORME | FR","description":". La soci\u00e9t\u00e9 marocaine Sp\u00e9cial Acier et Traitements Thermiques (SATT) a c\u00e9l\u00e9br\u00e9 l\u2019inauguration de son nouveau site install\u00e9","robots":{"index":"index","follow":"follow","max-snippet":"max-snippet:-1","max-image-preview":"max-image-preview:large","max-video-preview":"max-video-preview:-1"},"canonical":"https:\/\/www.mediaplateforme.com\/fr\/inauguration-du-nouveau-site-de-special-acier-et-traitements-thermiques-a-la-zone-dacceleration-industrielle-de-kenitra\/","og_locale":"fr_FR","og_type":"article","og_title":"Inauguration du nouveau site de Sp\u00e9cial Acier et Traitements Thermiques \u00e0 la zone d\u2019acc\u00e9l\u00e9ration industrielle de K\u00e9nitra - MEDIA PLATEFORME | FR","og_description":". La soci\u00e9t\u00e9 marocaine Sp\u00e9cial Acier et Traitements Thermiques (SATT) a c\u00e9l\u00e9br\u00e9 l\u2019inauguration de son nouveau site install\u00e9","og_url":"https:\/\/www.mediaplateforme.com\/fr\/inauguration-du-nouveau-site-de-special-acier-et-traitements-thermiques-a-la-zone-dacceleration-industrielle-de-kenitra\/","og_site_name":"MEDIA PLATEFORME | FR","article_published_time":"2022-09-14T19:25:55+00:00","article_modified_time":"2022-09-14T19:27:01+00:00","og_image":[{"width":2560,"height":1707,"url":"https:\/\/www.mediaplateforme.com\/fr\/wp-content\/uploads\/sites\/5\/2022\/09\/DSCF5419-scaled.jpg","type":"image\/jpeg"}],"author":"Mediaplateforme","twitter_card":"summary_large_image","twitter_misc":{"\u00c9crit par":"Mediaplateforme","Dur\u00e9e de lecture estim\u00e9e":"3 minutes"},"schema":{"@context":"https:\/\/schema.org","@graph":[{"@type":"WebPage","@id":"https:\/\/www.mediaplateforme.com\/fr\/inauguration-du-nouveau-site-de-special-acier-et-traitements-thermiques-a-la-zone-dacceleration-industrielle-de-kenitra\/","url":"https:\/\/www.mediaplateforme.com\/fr\/inauguration-du-nouveau-site-de-special-acier-et-traitements-thermiques-a-la-zone-dacceleration-industrielle-de-kenitra\/","name":"Inauguration du nouveau site de Sp\u00e9cial Acier et Traitements Thermiques \u00e0 la zone d\u2019acc\u00e9l\u00e9ration industrielle de K\u00e9nitra - MEDIA PLATEFORME | FR","isPartOf":{"@id":"https:\/\/www.mediaplateforme.com\/fr\/#website"},"datePublished":"2022-09-14T19:25:55+00:00","dateModified":"2022-09-14T19:27:01+00:00","author":{"@id":"https:\/\/www.mediaplateforme.com\/fr\/#\/schema\/person\/89833db382b5db2c76b094bc902aa12a"},"description":". La soci\u00e9t\u00e9 marocaine Sp\u00e9cial Acier et Traitements Thermiques (SATT) a c\u00e9l\u00e9br\u00e9 l\u2019inauguration de son nouveau site install\u00e9","breadcrumb":{"@id":"https:\/\/www.mediaplateforme.com\/fr\/inauguration-du-nouveau-site-de-special-acier-et-traitements-thermiques-a-la-zone-dacceleration-industrielle-de-kenitra\/#breadcrumb"},"inLanguage":"fr-FR","potentialAction":[{"@type":"ReadAction","target":["https:\/\/www.mediaplateforme.com\/fr\/inauguration-du-nouveau-site-de-special-acier-et-traitements-thermiques-a-la-zone-dacceleration-industrielle-de-kenitra\/"]}]},{"@type":"BreadcrumbList","@id":"https:\/\/www.mediaplateforme.com\/fr\/inauguration-du-nouveau-site-de-special-acier-et-traitements-thermiques-a-la-zone-dacceleration-industrielle-de-kenitra\/#breadcrumb","itemListElement":[{"@type":"ListItem","position":1,"name":"\u0627\u0644\u0631\u0626\u064a\u0633\u064a\u0629","item":"https:\/\/www.mediaplateforme.com\/fr\/"},{"@type":"ListItem","position":2,"name":"Inauguration du nouveau site de Sp\u00e9cial Acier et Traitements Thermiques \u00e0 la zone d\u2019acc\u00e9l\u00e9ration industrielle de K\u00e9nitra"}]},{"@type":"WebSite","@id":"https:\/\/www.mediaplateforme.com\/fr\/#website","url":"https:\/\/www.mediaplateforme.com\/fr\/","name":"MEDIA PLATEFORME | FR","description":"Mediaplateforme sp\u00e9cialis\u00e9 dans la communication institutions publiques et des entreprises","potentialAction":[{"@type":"SearchAction","target":{"@type":"EntryPoint","urlTemplate":"https:\/\/www.mediaplateforme.com\/fr\/?s={search_term_string}"},"query-input":"required name=search_term_string"}],"inLanguage":"fr-FR"},{"@type":"Person","@id":"https:\/\/www.mediaplateforme.com\/fr\/#\/schema\/person\/89833db382b5db2c76b094bc902aa12a","name":"Mediaplateforme","image":{"@type":"ImageObject","inLanguage":"fr-FR","@id":"https:\/\/www.mediaplateforme.com\/fr\/#\/schema\/person\/image\/","url":"https:\/\/secure.gravatar.com\/avatar\/6c9c02e8928cc65d54bf75157f7b3a2d06d7ad0494ca0951f679552ff03b34c1?s=96&d=mm&r=g","contentUrl":"https:\/\/secure.gravatar.com\/avatar\/6c9c02e8928cc65d54bf75157f7b3a2d06d7ad0494ca0951f679552ff03b34c1?s=96&d=mm&r=g","caption":"Mediaplateforme"},"sameAs":["https:\/\/www.mediaplateforme.com"],"url":"https:\/\/www.mediaplateforme.com\/fr\/author\/mohamedladib\/"}]}},"_links":{"self":[{"href":"https:\/\/www.mediaplateforme.com\/fr\/wp-json\/wp\/v2\/posts\/1008","targetHints":{"allow":["GET"]}}],"collection":[{"href":"https:\/\/www.mediaplateforme.com\/fr\/wp-json\/wp\/v2\/posts"}],"about":[{"href":"https:\/\/www.mediaplateforme.com\/fr\/wp-json\/wp\/v2\/types\/post"}],"author":[{"embeddable":true,"href":"https:\/\/www.mediaplateforme.com\/fr\/wp-json\/wp\/v2\/users\/1"}],"replies":[{"embeddable":true,"href":"https:\/\/www.mediaplateforme.com\/fr\/wp-json\/wp\/v2\/comments?post=1008"}],"version-history":[{"count":1,"href":"https:\/\/www.mediaplateforme.com\/fr\/wp-json\/wp\/v2\/posts\/1008\/revisions"}],"predecessor-version":[{"id":1011,"href":"https:\/\/www.mediaplateforme.com\/fr\/wp-json\/wp\/v2\/posts\/1008\/revisions\/1011"}],"wp:featuredmedia":[{"embeddable":true,"href":"https:\/\/www.mediaplateforme.com\/fr\/wp-json\/wp\/v2\/media\/1009"}],"wp:attachment":[{"href":"https:\/\/www.mediaplateforme.com\/fr\/wp-json\/wp\/v2\/media?parent=1008"}],"wp:term":[{"taxonomy":"category","embeddable":true,"href":"https:\/\/www.mediaplateforme.com\/fr\/wp-json\/wp\/v2\/categories?post=1008"},{"taxonomy":"post_tag","embeddable":true,"href":"https:\/\/www.mediaplateforme.com\/fr\/wp-json\/wp\/v2\/tags?post=1008"}],"curies":[{"name":"wp","href":"https:\/\/api.w.org\/{rel}","templated":true}]}}