{"id":1005,"date":"2022-09-14T20:17:27","date_gmt":"2022-09-14T19:17:27","guid":{"rendered":"https:\/\/www.mediaplateforme.com\/fr\/?p=1005"},"modified":"2022-09-14T20:17:27","modified_gmt":"2022-09-14T19:17:27","slug":"laei-renouvelle-son-soutien-a-la-candidature-de-m-hassane-berkani","status":"publish","type":"post","link":"https:\/\/www.mediaplateforme.com\/fr\/laei-renouvelle-son-soutien-a-la-candidature-de-m-hassane-berkani\/","title":{"rendered":"L\u2019AEI  renouvelle son soutien \u00e0 la candidature de M. Hassane Berkani"},"content":{"rendered":"<p>En pr\u00e9vision de la tenue des \u00e9lections de la Chambre de commerce, d\u2019industrie et des services de Casablanca-Settat le lundi 19 septembre 2022, Le Pr\u00e9sident de l\u2019AEI a declar\u00e9 que l\u2019Alliance de Economistes Istiqlaliens renouvelle son soutien \u00e0 la candidature de M. Hassane Berkani \u00e0 la pr\u00e9sidence de cette chambre professionnelle.<\/p>\n","protected":false},"excerpt":{"rendered":"<p>En pr\u00e9vision de la tenue des \u00e9lections de la Chambre de commerce, d\u2019industrie et des<\/p>\n","protected":false},"author":1,"featured_media":1006,"comment_status":"open","ping_status":"open","sticky":false,"template":"","format":"standard","meta":{"_acf_changed":false,"footnotes":""},"categories":[4,3],"tags":[364,361,362,363,365],"class_list":["post-1005","post","type-post","status-publish","format-standard","has-post-thumbnail","hentry","category-economie","category-nouvelles-selectionnees","tag-dindustrie-et-des-services-de-casablanca-settat","tag-hassane-berkani","tag-lalliance-de-economistes-istiqlaliens","tag-la-chambre-de-commerce","tag-la-chambre-de-commerce-dindustrie-et-des-services-de-casablanca-settat"],"acf":[],"yoast_head":"<!-- This site is optimized with the Yoast SEO plugin v22.0 - https:\/\/yoast.com\/wordpress\/plugins\/seo\/ -->\n<title>L\u2019AEI renouvelle son soutien \u00e0 la candidature de M. Hassane Berkani - MEDIA PLATEFORME | FR<\/title>\n<meta name=\"description\" content=\"Le Pr\u00e9sident de l\u2019AEI a declar\u00e9 que l\u2019Alliance de Economistes Istiqlaliens renouvelle son soutien \u00e0 la candidature de M. Hassane Berkani\" \/>\n<meta name=\"robots\" content=\"index, follow, max-snippet:-1, max-image-preview:large, max-video-preview:-1\" \/>\n<link rel=\"canonical\" href=\"https:\/\/www.mediaplateforme.com\/fr\/laei-renouvelle-son-soutien-a-la-candidature-de-m-hassane-berkani\/\" \/>\n<meta property=\"og:locale\" content=\"fr_FR\" \/>\n<meta property=\"og:type\" content=\"article\" \/>\n<meta property=\"og:title\" content=\"L\u2019AEI renouvelle son soutien \u00e0 la candidature de M. Hassane Berkani - MEDIA PLATEFORME | FR\" \/>\n<meta property=\"og:description\" content=\"Le Pr\u00e9sident de l\u2019AEI a declar\u00e9 que l\u2019Alliance de Economistes Istiqlaliens renouvelle son soutien \u00e0 la candidature de M. Hassane Berkani\" \/>\n<meta property=\"og:url\" content=\"https:\/\/www.mediaplateforme.com\/fr\/laei-renouvelle-son-soutien-a-la-candidature-de-m-hassane-berkani\/\" \/>\n<meta property=\"og:site_name\" content=\"MEDIA PLATEFORME | FR\" \/>\n<meta property=\"article:published_time\" content=\"2022-09-14T19:17:27+00:00\" \/>\n<meta property=\"og:image\" content=\"https:\/\/www.mediaplateforme.com\/fr\/wp-content\/uploads\/sites\/5\/2022\/09\/WhatsApp-Image-2022-09-14-at-14.43.58.jpeg\" \/>\n\t<meta property=\"og:image:width\" content=\"1600\" \/>\n\t<meta property=\"og:image:height\" content=\"1430\" \/>\n\t<meta property=\"og:image:type\" content=\"image\/jpeg\" \/>\n<meta name=\"author\" content=\"Mediaplateforme\" \/>\n<meta name=\"twitter:card\" content=\"summary_large_image\" \/>\n<meta name=\"twitter:label1\" content=\"\u00c9crit par\" \/>\n\t<meta name=\"twitter:data1\" content=\"Mediaplateforme\" \/>\n<script type=\"application\/ld+json\" class=\"yoast-schema-graph\">{\"@context\":\"https:\/\/schema.org\",\"@graph\":[{\"@type\":\"WebPage\",\"@id\":\"https:\/\/www.mediaplateforme.com\/fr\/laei-renouvelle-son-soutien-a-la-candidature-de-m-hassane-berkani\/\",\"url\":\"https:\/\/www.mediaplateforme.com\/fr\/laei-renouvelle-son-soutien-a-la-candidature-de-m-hassane-berkani\/\",\"name\":\"L\u2019AEI renouvelle son soutien \u00e0 la candidature de M. Hassane Berkani - MEDIA PLATEFORME | FR\",\"isPartOf\":{\"@id\":\"https:\/\/www.mediaplateforme.com\/fr\/#website\"},\"datePublished\":\"2022-09-14T19:17:27+00:00\",\"dateModified\":\"2022-09-14T19:17:27+00:00\",\"author\":{\"@id\":\"https:\/\/www.mediaplateforme.com\/fr\/#\/schema\/person\/89833db382b5db2c76b094bc902aa12a\"},\"description\":\"Le Pr\u00e9sident de l\u2019AEI a declar\u00e9 que l\u2019Alliance de Economistes Istiqlaliens renouvelle son soutien \u00e0 la candidature de M. Hassane Berkani\",\"breadcrumb\":{\"@id\":\"https:\/\/www.mediaplateforme.com\/fr\/laei-renouvelle-son-soutien-a-la-candidature-de-m-hassane-berkani\/#breadcrumb\"},\"inLanguage\":\"fr-FR\",\"potentialAction\":[{\"@type\":\"ReadAction\",\"target\":[\"https:\/\/www.mediaplateforme.com\/fr\/laei-renouvelle-son-soutien-a-la-candidature-de-m-hassane-berkani\/\"]}]},{\"@type\":\"BreadcrumbList\",\"@id\":\"https:\/\/www.mediaplateforme.com\/fr\/laei-renouvelle-son-soutien-a-la-candidature-de-m-hassane-berkani\/#breadcrumb\",\"itemListElement\":[{\"@type\":\"ListItem\",\"position\":1,\"name\":\"\u0627\u0644\u0631\u0626\u064a\u0633\u064a\u0629\",\"item\":\"https:\/\/www.mediaplateforme.com\/fr\/\"},{\"@type\":\"ListItem\",\"position\":2,\"name\":\"L\u2019AEI renouvelle son soutien \u00e0 la candidature de M. Hassane Berkani\"}]},{\"@type\":\"WebSite\",\"@id\":\"https:\/\/www.mediaplateforme.com\/fr\/#website\",\"url\":\"https:\/\/www.mediaplateforme.com\/fr\/\",\"name\":\"MEDIA PLATEFORME | FR\",\"description\":\"Mediaplateforme sp\u00e9cialis\u00e9 dans la communication institutions publiques et des entreprises\",\"potentialAction\":[{\"@type\":\"SearchAction\",\"target\":{\"@type\":\"EntryPoint\",\"urlTemplate\":\"https:\/\/www.mediaplateforme.com\/fr\/?s={search_term_string}\"},\"query-input\":\"required name=search_term_string\"}],\"inLanguage\":\"fr-FR\"},{\"@type\":\"Person\",\"@id\":\"https:\/\/www.mediaplateforme.com\/fr\/#\/schema\/person\/89833db382b5db2c76b094bc902aa12a\",\"name\":\"Mediaplateforme\",\"image\":{\"@type\":\"ImageObject\",\"inLanguage\":\"fr-FR\",\"@id\":\"https:\/\/www.mediaplateforme.com\/fr\/#\/schema\/person\/image\/\",\"url\":\"https:\/\/secure.gravatar.com\/avatar\/6c9c02e8928cc65d54bf75157f7b3a2d06d7ad0494ca0951f679552ff03b34c1?s=96&d=mm&r=g\",\"contentUrl\":\"https:\/\/secure.gravatar.com\/avatar\/6c9c02e8928cc65d54bf75157f7b3a2d06d7ad0494ca0951f679552ff03b34c1?s=96&d=mm&r=g\",\"caption\":\"Mediaplateforme\"},\"sameAs\":[\"https:\/\/www.mediaplateforme.com\"],\"url\":\"https:\/\/www.mediaplateforme.com\/fr\/author\/mohamedladib\/\"}]}<\/script>\n<!-- \/ Yoast SEO plugin. -->","yoast_head_json":{"title":"L\u2019AEI renouvelle son soutien \u00e0 la candidature de M. Hassane Berkani - MEDIA PLATEFORME | FR","description":"Le Pr\u00e9sident de l\u2019AEI a declar\u00e9 que l\u2019Alliance de Economistes Istiqlaliens renouvelle son soutien \u00e0 la candidature de M. Hassane Berkani","robots":{"index":"index","follow":"follow","max-snippet":"max-snippet:-1","max-image-preview":"max-image-preview:large","max-video-preview":"max-video-preview:-1"},"canonical":"https:\/\/www.mediaplateforme.com\/fr\/laei-renouvelle-son-soutien-a-la-candidature-de-m-hassane-berkani\/","og_locale":"fr_FR","og_type":"article","og_title":"L\u2019AEI renouvelle son soutien \u00e0 la candidature de M. Hassane Berkani - MEDIA PLATEFORME | FR","og_description":"Le Pr\u00e9sident de l\u2019AEI a declar\u00e9 que l\u2019Alliance de Economistes Istiqlaliens renouvelle son soutien \u00e0 la candidature de M. Hassane Berkani","og_url":"https:\/\/www.mediaplateforme.com\/fr\/laei-renouvelle-son-soutien-a-la-candidature-de-m-hassane-berkani\/","og_site_name":"MEDIA PLATEFORME | FR","article_published_time":"2022-09-14T19:17:27+00:00","og_image":[{"width":1600,"height":1430,"url":"https:\/\/www.mediaplateforme.com\/fr\/wp-content\/uploads\/sites\/5\/2022\/09\/WhatsApp-Image-2022-09-14-at-14.43.58.jpeg","type":"image\/jpeg"}],"author":"Mediaplateforme","twitter_card":"summary_large_image","twitter_misc":{"\u00c9crit par":"Mediaplateforme"},"schema":{"@context":"https:\/\/schema.org","@graph":[{"@type":"WebPage","@id":"https:\/\/www.mediaplateforme.com\/fr\/laei-renouvelle-son-soutien-a-la-candidature-de-m-hassane-berkani\/","url":"https:\/\/www.mediaplateforme.com\/fr\/laei-renouvelle-son-soutien-a-la-candidature-de-m-hassane-berkani\/","name":"L\u2019AEI renouvelle son soutien \u00e0 la candidature de M. Hassane Berkani - MEDIA PLATEFORME | FR","isPartOf":{"@id":"https:\/\/www.mediaplateforme.com\/fr\/#website"},"datePublished":"2022-09-14T19:17:27+00:00","dateModified":"2022-09-14T19:17:27+00:00","author":{"@id":"https:\/\/www.mediaplateforme.com\/fr\/#\/schema\/person\/89833db382b5db2c76b094bc902aa12a"},"description":"Le Pr\u00e9sident de l\u2019AEI a declar\u00e9 que l\u2019Alliance de Economistes Istiqlaliens renouvelle son soutien \u00e0 la candidature de M. Hassane Berkani","breadcrumb":{"@id":"https:\/\/www.mediaplateforme.com\/fr\/laei-renouvelle-son-soutien-a-la-candidature-de-m-hassane-berkani\/#breadcrumb"},"inLanguage":"fr-FR","potentialAction":[{"@type":"ReadAction","target":["https:\/\/www.mediaplateforme.com\/fr\/laei-renouvelle-son-soutien-a-la-candidature-de-m-hassane-berkani\/"]}]},{"@type":"BreadcrumbList","@id":"https:\/\/www.mediaplateforme.com\/fr\/laei-renouvelle-son-soutien-a-la-candidature-de-m-hassane-berkani\/#breadcrumb","itemListElement":[{"@type":"ListItem","position":1,"name":"\u0627\u0644\u0631\u0626\u064a\u0633\u064a\u0629","item":"https:\/\/www.mediaplateforme.com\/fr\/"},{"@type":"ListItem","position":2,"name":"L\u2019AEI renouvelle son soutien \u00e0 la candidature de M. Hassane Berkani"}]},{"@type":"WebSite","@id":"https:\/\/www.mediaplateforme.com\/fr\/#website","url":"https:\/\/www.mediaplateforme.com\/fr\/","name":"MEDIA PLATEFORME | FR","description":"Mediaplateforme sp\u00e9cialis\u00e9 dans la communication institutions publiques et des entreprises","potentialAction":[{"@type":"SearchAction","target":{"@type":"EntryPoint","urlTemplate":"https:\/\/www.mediaplateforme.com\/fr\/?s={search_term_string}"},"query-input":"required name=search_term_string"}],"inLanguage":"fr-FR"},{"@type":"Person","@id":"https:\/\/www.mediaplateforme.com\/fr\/#\/schema\/person\/89833db382b5db2c76b094bc902aa12a","name":"Mediaplateforme","image":{"@type":"ImageObject","inLanguage":"fr-FR","@id":"https:\/\/www.mediaplateforme.com\/fr\/#\/schema\/person\/image\/","url":"https:\/\/secure.gravatar.com\/avatar\/6c9c02e8928cc65d54bf75157f7b3a2d06d7ad0494ca0951f679552ff03b34c1?s=96&d=mm&r=g","contentUrl":"https:\/\/secure.gravatar.com\/avatar\/6c9c02e8928cc65d54bf75157f7b3a2d06d7ad0494ca0951f679552ff03b34c1?s=96&d=mm&r=g","caption":"Mediaplateforme"},"sameAs":["https:\/\/www.mediaplateforme.com"],"url":"https:\/\/www.mediaplateforme.com\/fr\/author\/mohamedladib\/"}]}},"_links":{"self":[{"href":"https:\/\/www.mediaplateforme.com\/fr\/wp-json\/wp\/v2\/posts\/1005","targetHints":{"allow":["GET"]}}],"collection":[{"href":"https:\/\/www.mediaplateforme.com\/fr\/wp-json\/wp\/v2\/posts"}],"about":[{"href":"https:\/\/www.mediaplateforme.com\/fr\/wp-json\/wp\/v2\/types\/post"}],"author":[{"embeddable":true,"href":"https:\/\/www.mediaplateforme.com\/fr\/wp-json\/wp\/v2\/users\/1"}],"replies":[{"embeddable":true,"href":"https:\/\/www.mediaplateforme.com\/fr\/wp-json\/wp\/v2\/comments?post=1005"}],"version-history":[{"count":1,"href":"https:\/\/www.mediaplateforme.com\/fr\/wp-json\/wp\/v2\/posts\/1005\/revisions"}],"predecessor-version":[{"id":1007,"href":"https:\/\/www.mediaplateforme.com\/fr\/wp-json\/wp\/v2\/posts\/1005\/revisions\/1007"}],"wp:featuredmedia":[{"embeddable":true,"href":"https:\/\/www.mediaplateforme.com\/fr\/wp-json\/wp\/v2\/media\/1006"}],"wp:attachment":[{"href":"https:\/\/www.mediaplateforme.com\/fr\/wp-json\/wp\/v2\/media?parent=1005"}],"wp:term":[{"taxonomy":"category","embeddable":true,"href":"https:\/\/www.mediaplateforme.com\/fr\/wp-json\/wp\/v2\/categories?post=1005"},{"taxonomy":"post_tag","embeddable":true,"href":"https:\/\/www.mediaplateforme.com\/fr\/wp-json\/wp\/v2\/tags?post=1005"}],"curies":[{"name":"wp","href":"https:\/\/api.w.org\/{rel}","templated":true}]}}